{"id":2347,"date":"2018-07-11T11:51:25","date_gmt":"2018-07-11T11:51:25","guid":{"rendered":"https:\/\/www.icomos.ch\/?p=2347\/"},"modified":"2024-09-29T17:21:21","modified_gmt":"2024-09-29T17:21:21","slug":"appel-a-contribution-underground-architecture-revisited-berlin-20-23-02-2019","status":"publish","type":"post","link":"https:\/\/www.icomos.ch\/fr\/appel-a-contribution-underground-architecture-revisited-berlin-20-23-02-2019\/","title":{"rendered":"Appel \u00e0 contribution: Underground Architecture revisited, Berlin, 20.-23.02.2019"},"content":{"rendered":"\n<p><span style=\"color: #000000; font-family: Calibri; font-size: medium;\">La conf\u00e9rence internationale &#8220;Underground Architecture revisited&#8221; est d\u00e9di\u00e9 \u00e0 la conception de gares de m\u00e9tro dans la seconde moiti\u00e9 du 20\u00e8me si\u00e8cle en comparaison europ\u00e9enne. <\/span><\/p>\n\n\n\n<p><a href=\"https:\/\/www.icomos.ch\/wp-content\/uploads\/2018\/07\/CfP-U_Bahn.pdf\" target=\"_blank\" rel=\"noopener noreferrer\">CfP U_Bahn<\/a><\/p>\n","protected":false},"excerpt":{"rendered":"<p>La conf\u00e9rence internationale &#8220;Underground Architecture revisited&#8221; est d\u00e9di\u00e9 \u00e0 la conception de gares de m\u00e9tro dans la seconde moiti\u00e9 du 20\u00e8me si\u00e8cle en comparaison europ\u00e9enne. CfP U_Bahn<\/p>\n","protected":false},"author":2,"featured_media":0,"comment_status":"open","ping_status":"open","sticky":false,"template":"","format":"standard","meta":{"footnotes":""},"categories":[9],"tags":[],"class_list":["post-2347","post","type-post","status-publish","format-standard","hentry","category-actuel"],"_links":{"self":[{"href":"https:\/\/www.icomos.ch\/fr\/wp-json\/wp\/v2\/posts\/2347","targetHints":{"allow":["GET"]}}],"collection":[{"href":"https:\/\/www.icomos.ch\/fr\/wp-json\/wp\/v2\/posts"}],"about":[{"href":"https:\/\/www.icomos.ch\/fr\/wp-json\/wp\/v2\/types\/post"}],"author":[{"embeddable":true,"href":"https:\/\/www.icomos.ch\/fr\/wp-json\/wp\/v2\/users\/2"}],"replies":[{"embeddable":true,"href":"https:\/\/www.icomos.ch\/fr\/wp-json\/wp\/v2\/comments?post=2347"}],"version-history":[{"count":3,"href":"https:\/\/www.icomos.ch\/fr\/wp-json\/wp\/v2\/posts\/2347\/revisions"}],"predecessor-version":[{"id":8173,"href":"https:\/\/www.icomos.ch\/fr\/wp-json\/wp\/v2\/posts\/2347\/revisions\/8173"}],"wp:attachment":[{"href":"https:\/\/www.icomos.ch\/fr\/wp-json\/wp\/v2\/media?parent=2347"}],"wp:term":[{"taxonomy":"category","embeddable":true,"href":"https:\/\/www.icomos.ch\/fr\/wp-json\/wp\/v2\/categories?post=2347"},{"taxonomy":"post_tag","embeddable":true,"href":"https:\/\/www.icomos.ch\/fr\/wp-json\/wp\/v2\/tags?post=2347"}],"curies":[{"name":"wp","href":"https:\/\/api.w.org\/{rel}","templated":true}]}}