{"id":2631,"date":"2018-11-09T13:12:02","date_gmt":"2018-11-09T13:12:02","guid":{"rendered":"https:\/\/www.icomos.ch\/?p=2631\/"},"modified":"2024-09-29T17:19:09","modified_gmt":"2024-09-29T17:19:09","slug":"save-the-date-colloque-mobilita-transfrontaliera-lugano-30-11-2018","status":"publish","type":"post","link":"https:\/\/www.icomos.ch\/fr\/save-the-date-colloque-mobilita-transfrontaliera-lugano-30-11-2018\/","title":{"rendered":"Colloque &#8220;Mobilit\u00e0 transfrontaliera&#8221;, Lugano 30.11.2018"},"content":{"rendered":"\n<p>Dans le cadre de l\u2019Ann\u00e9e europ\u00e9enne du patrimoine culturel 2018, nous nous r\u00e9jouissons de vous accueillir nombreux \u00e0 notre&nbsp;troisi\u00e8me colloque &#8220;Mobilit\u00e0 transfrontaliera&#8221;&nbsp;qui aura lieu \u00e0&nbsp;Lugano.<\/p>\n\n\n\n<p>Inscription et information:<a href=\"mailto:info@i2a.ch\"><strong><em>info@i2a.ch<\/em><\/strong><\/a>.<\/p>\n\n\n\n<p>Nous nous r\u00e9jouissons de la participation nombreuse \u00e0 ce colloque.<\/p>\n\n\n\n<p><a href=\"https:\/\/www.icomos.ch\/wp-content\/uploads\/2018\/10\/Programma-e-invito-Lugano-2018_def.pdf\" target=\"_blank\" rel=\"noopener noreferrer\">Programme et invitation<\/a><\/p>\n","protected":false},"excerpt":{"rendered":"<p>Dans le cadre de l\u2019Ann\u00e9e europ\u00e9enne du patrimoine culturel 2018, nous nous r\u00e9jouissons de vous accueillir nombreux \u00e0 notre&nbsp;troisi\u00e8me colloque &#8220;Mobilit\u00e0 transfrontaliera&#8221;&nbsp;qui aura lieu \u00e0&nbsp;Lugano. Inscription et information:info@i2a.ch. Nous nous r\u00e9jouissons de la participation nombreuse \u00e0 ce colloque. Programme et invitation<\/p>\n","protected":false},"author":2,"featured_media":0,"comment_status":"open","ping_status":"open","sticky":false,"template":"","format":"standard","meta":{"footnotes":""},"categories":[9],"tags":[],"class_list":["post-2631","post","type-post","status-publish","format-standard","hentry","category-actuel"],"_links":{"self":[{"href":"https:\/\/www.icomos.ch\/fr\/wp-json\/wp\/v2\/posts\/2631","targetHints":{"allow":["GET"]}}],"collection":[{"href":"https:\/\/www.icomos.ch\/fr\/wp-json\/wp\/v2\/posts"}],"about":[{"href":"https:\/\/www.icomos.ch\/fr\/wp-json\/wp\/v2\/types\/post"}],"author":[{"embeddable":true,"href":"https:\/\/www.icomos.ch\/fr\/wp-json\/wp\/v2\/users\/2"}],"replies":[{"embeddable":true,"href":"https:\/\/www.icomos.ch\/fr\/wp-json\/wp\/v2\/comments?post=2631"}],"version-history":[{"count":7,"href":"https:\/\/www.icomos.ch\/fr\/wp-json\/wp\/v2\/posts\/2631\/revisions"}],"predecessor-version":[{"id":8148,"href":"https:\/\/www.icomos.ch\/fr\/wp-json\/wp\/v2\/posts\/2631\/revisions\/8148"}],"wp:attachment":[{"href":"https:\/\/www.icomos.ch\/fr\/wp-json\/wp\/v2\/media?parent=2631"}],"wp:term":[{"taxonomy":"category","embeddable":true,"href":"https:\/\/www.icomos.ch\/fr\/wp-json\/wp\/v2\/categories?post=2631"},{"taxonomy":"post_tag","embeddable":true,"href":"https:\/\/www.icomos.ch\/fr\/wp-json\/wp\/v2\/tags?post=2631"}],"curies":[{"name":"wp","href":"https:\/\/api.w.org\/{rel}","templated":true}]}}