{"id":2823,"date":"2019-04-01T07:39:17","date_gmt":"2019-04-01T07:39:17","guid":{"rendered":"https:\/\/www.icomos.ch\/?p=2823\/"},"modified":"2024-09-29T17:18:12","modified_gmt":"2024-09-29T17:18:12","slug":"comment-mesurer-la-culture-du-bati-reservez-la-date","status":"publish","type":"post","link":"https:\/\/www.icomos.ch\/fr\/comment-mesurer-la-culture-du-bati-reservez-la-date\/","title":{"rendered":"Comment mesurer la culture du b\u00e2ti \u2013 r\u00e9servez la date!"},"content":{"rendered":"\n<p>Veuillez r\u00e9server les 4 et 5 novembre 2019 pour la conf\u00e9rence internationale \u00ab Comment mesurer la culture du b\u00e2ti \u00bb \u00e0 Gen\u00e8ve, en Suisse.<\/p>\n\n\n\n<p>En janvier 2018, les ministres europ\u00e9ens de la Culture ont adopt\u00e9 la D\u00e9claration de Davos. Ce faisant, ils ont appel\u00e9 \u00e0 mettre en oeuvre une culture du b\u00e2ti de qualit\u00e9 afin d\u2019accro\u00eetre le bien-\u00eatre humain. Pour comprendre comment am\u00e9liorer notre espace de vie, l\u2019Office f\u00e9d\u00e9ral de la culture (OFC) suisse, le Conseil international des monuments et des sites (ICOMOS), l\u2019Union internationale des architectes (UIA) et la Soci\u00e9t\u00e9 suisse des ing\u00e9nieurs et des architectes (SIA) organisent une conf\u00e9rence intitul\u00e9e \u00ab Comment mesurer la culture du b\u00e2ti \u00bb. Comment d\u00e9finir au juste une culture du b\u00e2ti de qualit\u00e9 ? Comment la mettre en place ? Comment \u00e9valuer et juger la culture du b\u00e2ti ? Telles sont les questions auxquelles la conf\u00e9rence entend r\u00e9pondre. La conf\u00e9rence se veut une rencontre internationale de haut niveau reliant des domaines d\u2019expertise qui ne sont pas directement associ\u00e9s \u00e0 la culture du b\u00e2ti aupr\u00e8s des acteurs en la mati\u00e8re. Elle se tiendra les 4 et 5 novembre 2019 au Pavillon Sicli \u00e0 Gen\u00e8ve.<\/p>\n\n\n\n<p>Pour de plus amples informations, veuillez visiter le site <a href=\"http:\/\/www.davosdeclaration2018.ch\/fr\/\" target=\"_blank\" rel=\"noopener noreferrer\">davosdeclaration2018<\/a>. Programme de la conf\u00e9rence et inscriptions \u00e0 partir d\u2019ao\u00fbt 2019. #culturedubati19<\/p>\n\n\n\n<p><a href=\"https:\/\/www.icomos.ch\/wp-content\/uploads\/2019\/04\/Flyer.pdf\" target=\"_blank\" rel=\"noopener noreferrer\">Flyer<\/a><\/p>\n","protected":false},"excerpt":{"rendered":"<p>Veuillez r\u00e9server les 4 et 5 novembre 2019 pour la conf\u00e9rence internationale \u00ab Comment mesurer la culture du b\u00e2ti \u00bb \u00e0 Gen\u00e8ve, en Suisse. En janvier 2018, les ministres europ\u00e9ens de la Culture ont adopt\u00e9 la D\u00e9claration de Davos. Ce faisant, ils ont appel\u00e9 \u00e0 mettre en oeuvre une culture du b\u00e2ti de qualit\u00e9 afin [&hellip;]<\/p>\n","protected":false},"author":2,"featured_media":0,"comment_status":"open","ping_status":"open","sticky":false,"template":"","format":"standard","meta":{"footnotes":""},"categories":[9],"tags":[],"class_list":["post-2823","post","type-post","status-publish","format-standard","hentry","category-actuel"],"_links":{"self":[{"href":"https:\/\/www.icomos.ch\/fr\/wp-json\/wp\/v2\/posts\/2823","targetHints":{"allow":["GET"]}}],"collection":[{"href":"https:\/\/www.icomos.ch\/fr\/wp-json\/wp\/v2\/posts"}],"about":[{"href":"https:\/\/www.icomos.ch\/fr\/wp-json\/wp\/v2\/types\/post"}],"author":[{"embeddable":true,"href":"https:\/\/www.icomos.ch\/fr\/wp-json\/wp\/v2\/users\/2"}],"replies":[{"embeddable":true,"href":"https:\/\/www.icomos.ch\/fr\/wp-json\/wp\/v2\/comments?post=2823"}],"version-history":[{"count":2,"href":"https:\/\/www.icomos.ch\/fr\/wp-json\/wp\/v2\/posts\/2823\/revisions"}],"predecessor-version":[{"id":8142,"href":"https:\/\/www.icomos.ch\/fr\/wp-json\/wp\/v2\/posts\/2823\/revisions\/8142"}],"wp:attachment":[{"href":"https:\/\/www.icomos.ch\/fr\/wp-json\/wp\/v2\/media?parent=2823"}],"wp:term":[{"taxonomy":"category","embeddable":true,"href":"https:\/\/www.icomos.ch\/fr\/wp-json\/wp\/v2\/categories?post=2823"},{"taxonomy":"post_tag","embeddable":true,"href":"https:\/\/www.icomos.ch\/fr\/wp-json\/wp\/v2\/tags?post=2823"}],"curies":[{"name":"wp","href":"https:\/\/api.w.org\/{rel}","templated":true}]}}