{"id":2879,"date":"2019-06-04T12:14:49","date_gmt":"2019-06-04T12:14:49","guid":{"rendered":"https:\/\/www.icomos.ch\/?p=2879\/"},"modified":"2024-09-29T17:17:53","modified_gmt":"2024-09-29T17:17:53","slug":"icomos-suisse-porte-le-deuil-de-michael-petzet","status":"publish","type":"post","link":"https:\/\/www.icomos.ch\/fr\/icomos-suisse-porte-le-deuil-de-michael-petzet\/","title":{"rendered":"ICOMOS Suisse porte le deuil de Michael Petzet"},"content":{"rendered":"\n<p>ICOMOS Allemagne nous a fait parvenir cette information douloureuse&nbsp;:<\/p>\n\n\n\n<p>Le mercredi 29 mai 2019 est d\u00e9c\u00e9d\u00e9 de mani\u00e8re inattendue le Prof. Dr. Michael Petzet (1933-2019, qui fut durant de longues ann\u00e9es pr\u00e9sident du comit\u00e9 national allemand d\u2019ICOMOS, puis pr\u00e9sident du comit\u00e9 international d\u2019ICOMOS. Petzet a \u00e9tudi\u00e9 de 1951 \u00e0 1958 l\u2019histoire de l\u2019art et l\u2019arch\u00e9ologie \u00e0 Munich et \u00e0 Paris, avant d\u2019exercer son activit\u00e9, apr\u00e8s l\u2019obtention de son doctorat, dans divers mus\u00e9es et ch\u00e2teaux de Bavi\u00e8re, puis d\u2019\u00eatre nomm\u00e9 en 1974 conservateur g\u00e9n\u00e9ral du Land de Bavi\u00e8re, un poste qu\u2019il a occup\u00e9 jusqu\u2019en 1999. De 1988 \u00e0 2012, Michael Petzet a \u00e9t\u00e9 pr\u00e9sident du comit\u00e9 national allemand de l\u2019ICOMOS et, de 1999 \u00e0 2008, pr\u00e9sident d\u2019ICOMOS international. Par ses nombreux \u00e9crits et conf\u00e9rences, Petzet a acquis une r\u00e9putation mondiale dans le cadre de l\u2019\u00e9laboration des principes fondateurs de la conservation du patrimoine contemporain. En tant qu\u2019expert reconnu dans le domaine des sites figurant au patrimoine mondial, il est devenu un conseiller et un sp\u00e9cialiste de premier plan de l\u2019UNESCO, Il est notamment l\u2019initiateur de la surveillance pr\u00e9ventive du patrimoine mondial destin\u00e9e \u00e0 \u00e9viter au maximum les conflits li\u00e9s \u00e0 sa sauvegarde et a fond\u00e9 la s\u00e9rie ICOMOS des rapports d\u2019expertise consacr\u00e9s au \u00ab&nbsp;Patrimoine en p\u00e9ril&nbsp;\u00bb. Sa carri\u00e8re a \u00e9t\u00e9 r\u00e9compens\u00e9e en 2013 par le Karl-Friedrich-Schinkelring d\u00e9cern\u00e9 par le comit\u00e9 national allemand en charge de la sauvegarde du patrimoine. \u00ab&nbsp;Avec le d\u00e9part de Michael Petzet&nbsp;\u00bb, souligne le pr\u00e9sident en exercice d\u2019ICOMOS Allemagne, l\u2019ancien conservateur du Land de Berlin J\u00f6rg Haspel, \u00ab&nbsp;l\u2019univers international de la sauvegarde du patrimoine a perdu sans aucun doute l\u2019un de ses principaux d\u00e9fenseurs. ICOMOS conservera toujours la m\u00e9moire de celui qui fut l\u2019un de ses pr\u00e9sidents d\u2019honneur.&nbsp;\u00bb<\/p>\n\n\n\n<p>ICOMOS Suisse transmet \u00e0 ses coll\u00e8gues allemands, et tout particuli\u00e8rement \u00e0 sa famille et \u00e0 ses nombreux amis ses condol\u00e9ances sinc\u00e8res. Gr\u00e2ce \u00e0 son engagement ind\u00e9fectible, ses nombreux articles et publications, Michael Petzet demeurera pour toujours pr\u00e9sent au sein de notre activit\u00e9 quotidienne.<\/p>\n","protected":false},"excerpt":{"rendered":"<p>ICOMOS Allemagne nous a fait parvenir cette information douloureuse&nbsp;: Le mercredi 29 mai 2019 est d\u00e9c\u00e9d\u00e9 de mani\u00e8re inattendue le Prof. Dr. Michael Petzet (1933-2019, qui fut durant de longues ann\u00e9es pr\u00e9sident du comit\u00e9 national allemand d\u2019ICOMOS, puis pr\u00e9sident du comit\u00e9 international d\u2019ICOMOS. Petzet a \u00e9tudi\u00e9 de 1951 \u00e0 1958 l\u2019histoire de l\u2019art et l\u2019arch\u00e9ologie [&hellip;]<\/p>\n","protected":false},"author":2,"featured_media":0,"comment_status":"open","ping_status":"open","sticky":false,"template":"","format":"standard","meta":{"footnotes":""},"categories":[9],"tags":[],"class_list":["post-2879","post","type-post","status-publish","format-standard","hentry","category-actuel"],"_links":{"self":[{"href":"https:\/\/www.icomos.ch\/fr\/wp-json\/wp\/v2\/posts\/2879","targetHints":{"allow":["GET"]}}],"collection":[{"href":"https:\/\/www.icomos.ch\/fr\/wp-json\/wp\/v2\/posts"}],"about":[{"href":"https:\/\/www.icomos.ch\/fr\/wp-json\/wp\/v2\/types\/post"}],"author":[{"embeddable":true,"href":"https:\/\/www.icomos.ch\/fr\/wp-json\/wp\/v2\/users\/2"}],"replies":[{"embeddable":true,"href":"https:\/\/www.icomos.ch\/fr\/wp-json\/wp\/v2\/comments?post=2879"}],"version-history":[{"count":2,"href":"https:\/\/www.icomos.ch\/fr\/wp-json\/wp\/v2\/posts\/2879\/revisions"}],"predecessor-version":[{"id":8137,"href":"https:\/\/www.icomos.ch\/fr\/wp-json\/wp\/v2\/posts\/2879\/revisions\/8137"}],"wp:attachment":[{"href":"https:\/\/www.icomos.ch\/fr\/wp-json\/wp\/v2\/media?parent=2879"}],"wp:term":[{"taxonomy":"category","embeddable":true,"href":"https:\/\/www.icomos.ch\/fr\/wp-json\/wp\/v2\/categories?post=2879"},{"taxonomy":"post_tag","embeddable":true,"href":"https:\/\/www.icomos.ch\/fr\/wp-json\/wp\/v2\/tags?post=2879"}],"curies":[{"name":"wp","href":"https:\/\/api.w.org\/{rel}","templated":true}]}}