{"id":2965,"date":"2019-08-22T07:53:47","date_gmt":"2019-08-22T07:53:47","guid":{"rendered":"https:\/\/www.icomos.ch\/?p=2965\/"},"modified":"2024-09-29T17:17:29","modified_gmt":"2024-09-29T17:17:29","slug":"inscrivez-vous-maintenant-conference-getting-the-measure-of-baukultur-pour-un-espace-de-vie-de-qualite-4-et-5-novembre-2019-au-pavillon-sicli-a-geneve","status":"publish","type":"post","link":"https:\/\/www.icomos.ch\/fr\/inscrivez-vous-maintenant-conference-getting-the-measure-of-baukultur-pour-un-espace-de-vie-de-qualite-4-et-5-novembre-2019-au-pavillon-sicli-a-geneve\/","title":{"rendered":"Inscrivez-vous maintenant: Conf\u00e9rence Getting the measure of Baukultur \u2013 pour un espace de vie de qualit\u00e9, 4 et 5 novembre 2019 au Pavillon Sicli \u00e0 Gen\u00e8ve"},"content":{"rendered":"\n<p><strong>Inscrivez-vous maintenant: Conf\u00e9rence Getting the measure of Baukultur \u2013 pour un espace de vie de qualit\u00e9<\/strong><br><strong>4 et 5 novembre 2019 au Pavillon Sicli \u00e0 Gen\u00e8ve<\/strong><\/p>\n\n\n\n<p>En janvier 2018, les ministres europ\u00e9ens de la Culture ont adopt\u00e9 la D\u00e9claration de Davos. Ce faisant, ils ont appel\u00e9 \u00e0 mettre en \u0153uvre une culture du b\u00e2ti de qualit\u00e9 afin d\u2019accro\u00eetre le bien-\u00eatre humain. Pour comprendre comment am\u00e9liorer notre espace de vie, l\u2019Office f\u00e9d\u00e9ral de la culture (OFC) suisse, le Conseil international des monuments et des sites (ICOMOS), l\u2019Union internationale des architectes (UIA), la Soci\u00e9t\u00e9 suisse des ing\u00e9nieurs et des architectes (SIA) et le D\u00e9partement du territoire (DT) du canton de Gen\u00e8ve organisent une conf\u00e9rence intitul\u00e9e \u00ab Getting the measure of Baukultur \u00bb. Cette conf\u00e9rence se propose notamment de r\u00e9pondre aux questions suivantes : Comment d\u00e9finir correctement une culture du b\u00e2ti de qualit\u00e9 ? Comment la mettre en place ? Comment \u00e9valuer la culture du b\u00e2ti ? En r\u00e9unissant des experts de la culture du b\u00e2ti et d\u2019autres disciplines, la conf\u00e9rence permettra de g\u00e9n\u00e9rer des id\u00e9es innovantes et constructives.<\/p>\n\n\n\n<p>Pour de plus amples informations et inscriptions, veuillez visiter le site: <a href=\"http:\/\/www.getting-the-measure-of-baukultur.ch\/\" target=\"_blank\" rel=\"noopener noreferrer\">baukultur.ch<\/a>&nbsp;ou <span lang=\"fr\" tabindex=\"0\">sur le d\u00e9pliant suivant: <a href=\"https:\/\/www.icomos.ch\/wp-content\/uploads\/2019\/08\/Getting_The_Measure_of_Baukultur_190806.pdf\" target=\"_blank\" rel=\"noopener noreferrer\">programme \/ Flyer<\/a><\/span><\/p>\n\n\n\n<p><span lang=\"fr\" tabindex=\"0\"><span lang=\"fr\" tabindex=\"0\">Les langues de la conf\u00e9rence sont le fran\u00e7ais et l&#8217;anglais.<\/span><\/span><\/p>\n","protected":false},"excerpt":{"rendered":"<p>Inscrivez-vous maintenant: Conf\u00e9rence Getting the measure of Baukultur \u2013 pour un espace de vie de qualit\u00e94 et 5 novembre 2019 au Pavillon Sicli \u00e0 Gen\u00e8ve En janvier 2018, les ministres europ\u00e9ens de la Culture ont adopt\u00e9 la D\u00e9claration de Davos. Ce faisant, ils ont appel\u00e9 \u00e0 mettre en \u0153uvre une culture du b\u00e2ti de qualit\u00e9 [&hellip;]<\/p>\n","protected":false},"author":2,"featured_media":0,"comment_status":"open","ping_status":"open","sticky":false,"template":"","format":"standard","meta":{"footnotes":""},"categories":[9],"tags":[],"class_list":["post-2965","post","type-post","status-publish","format-standard","hentry","category-actuel"],"_links":{"self":[{"href":"https:\/\/www.icomos.ch\/fr\/wp-json\/wp\/v2\/posts\/2965","targetHints":{"allow":["GET"]}}],"collection":[{"href":"https:\/\/www.icomos.ch\/fr\/wp-json\/wp\/v2\/posts"}],"about":[{"href":"https:\/\/www.icomos.ch\/fr\/wp-json\/wp\/v2\/types\/post"}],"author":[{"embeddable":true,"href":"https:\/\/www.icomos.ch\/fr\/wp-json\/wp\/v2\/users\/2"}],"replies":[{"embeddable":true,"href":"https:\/\/www.icomos.ch\/fr\/wp-json\/wp\/v2\/comments?post=2965"}],"version-history":[{"count":5,"href":"https:\/\/www.icomos.ch\/fr\/wp-json\/wp\/v2\/posts\/2965\/revisions"}],"predecessor-version":[{"id":8132,"href":"https:\/\/www.icomos.ch\/fr\/wp-json\/wp\/v2\/posts\/2965\/revisions\/8132"}],"wp:attachment":[{"href":"https:\/\/www.icomos.ch\/fr\/wp-json\/wp\/v2\/media?parent=2965"}],"wp:term":[{"taxonomy":"category","embeddable":true,"href":"https:\/\/www.icomos.ch\/fr\/wp-json\/wp\/v2\/categories?post=2965"},{"taxonomy":"post_tag","embeddable":true,"href":"https:\/\/www.icomos.ch\/fr\/wp-json\/wp\/v2\/tags?post=2965"}],"curies":[{"name":"wp","href":"https:\/\/api.w.org\/{rel}","templated":true}]}}