{"id":3008,"date":"2019-10-16T10:00:45","date_gmt":"2019-10-16T10:00:45","guid":{"rendered":"https:\/\/www.icomos.ch\/?p=3008\/"},"modified":"2024-09-29T17:17:14","modified_gmt":"2024-09-29T17:17:14","slug":"distinction-hotelrestaurant-historique-2020-invitation-et-inscription","status":"publish","type":"post","link":"https:\/\/www.icomos.ch\/fr\/distinction-hotelrestaurant-historique-2020-invitation-et-inscription\/","title":{"rendered":"C\u00e9r\u00e9monie de remise des distinctions pour l\u2019h\u00f4tel\/restaurant historique de l\u2019ann\u00e9e 2020 &#8211; Invitation et inscription"},"content":{"rendered":"\n<p>La&nbsp;c\u00e9r\u00e9monie de remise des distinctions pour&nbsp;l&#8217;h\u00f4tel\/restaurant historique de l\u2019ann\u00e9e 2020&nbsp;<span lang=\"fr\" tabindex=\"0\">aura lieu cette ann\u00e9e le lundi 18 novembre 2019 \u00e0 11h30 au salon Igeho \u00e0 B\u00e2le<\/span>.&nbsp;<span lang=\"fr\" tabindex=\"0\">Nous serions heureux d&#8217;accueillir autant de membres d&#8217;ICOMOS Suisse que possible \u00e0 la c\u00e9r\u00e9monie de remise des Prix.<\/span><\/p>\n\n\n\n<p><span lang=\"fr\" tabindex=\"0\">Nous vous prions de vous inscrire jusqu\u2019au&nbsp;3&nbsp;novembre 2019 sur&nbsp;<\/span><a href=\"https:\/\/srv42-zrh.switzerlandtourism.ch\/fmi\/webd\/WEB_ST_Registration?homeurl=https:\/\/www.myswitzerland.com\/de&amp;script=Open&amp;$ActivityID=STReg_Activity_55C86D80-BFD2-47D0-BA06-8BA6EEDB07DC&amp;param=de\" target=\"_blank\" rel=\"noopener noreferrer\">STNET-Link<\/a>.<br><span lang=\"fr\" tabindex=\"0\">Vous trouverez plus d&#8217;informations sur les cinq candidats<strong>&nbsp;\u00e0 la distinction&nbsp;<\/strong>sur cette&nbsp;<\/span><a href=\"https:\/\/www.icomos.ch\/fr\/workinggroup\/historische-hotels-restaurants\/\" target=\"_blank\" rel=\"noopener noreferrer\">page<\/a>.<\/p>\n","protected":false},"excerpt":{"rendered":"<p>La&nbsp;c\u00e9r\u00e9monie de remise des distinctions pour&nbsp;l&#8217;h\u00f4tel\/restaurant historique de l\u2019ann\u00e9e 2020&nbsp;aura lieu cette ann\u00e9e le lundi 18 novembre 2019 \u00e0 11h30 au salon Igeho \u00e0 B\u00e2le.&nbsp;Nous serions heureux d&#8217;accueillir autant de membres d&#8217;ICOMOS Suisse que possible \u00e0 la c\u00e9r\u00e9monie de remise des Prix. Nous vous prions de vous inscrire jusqu\u2019au&nbsp;3&nbsp;novembre 2019 sur&nbsp;STNET-Link.Vous trouverez plus d&#8217;informations sur [&hellip;]<\/p>\n","protected":false},"author":2,"featured_media":0,"comment_status":"open","ping_status":"open","sticky":false,"template":"","format":"standard","meta":{"footnotes":""},"categories":[9],"tags":[],"class_list":["post-3008","post","type-post","status-publish","format-standard","hentry","category-actuel"],"_links":{"self":[{"href":"https:\/\/www.icomos.ch\/fr\/wp-json\/wp\/v2\/posts\/3008","targetHints":{"allow":["GET"]}}],"collection":[{"href":"https:\/\/www.icomos.ch\/fr\/wp-json\/wp\/v2\/posts"}],"about":[{"href":"https:\/\/www.icomos.ch\/fr\/wp-json\/wp\/v2\/types\/post"}],"author":[{"embeddable":true,"href":"https:\/\/www.icomos.ch\/fr\/wp-json\/wp\/v2\/users\/2"}],"replies":[{"embeddable":true,"href":"https:\/\/www.icomos.ch\/fr\/wp-json\/wp\/v2\/comments?post=3008"}],"version-history":[{"count":7,"href":"https:\/\/www.icomos.ch\/fr\/wp-json\/wp\/v2\/posts\/3008\/revisions"}],"predecessor-version":[{"id":8128,"href":"https:\/\/www.icomos.ch\/fr\/wp-json\/wp\/v2\/posts\/3008\/revisions\/8128"}],"wp:attachment":[{"href":"https:\/\/www.icomos.ch\/fr\/wp-json\/wp\/v2\/media?parent=3008"}],"wp:term":[{"taxonomy":"category","embeddable":true,"href":"https:\/\/www.icomos.ch\/fr\/wp-json\/wp\/v2\/categories?post=3008"},{"taxonomy":"post_tag","embeddable":true,"href":"https:\/\/www.icomos.ch\/fr\/wp-json\/wp\/v2\/tags?post=3008"}],"curies":[{"name":"wp","href":"https:\/\/api.w.org\/{rel}","templated":true}]}}