{"id":3310,"date":"2020-02-26T07:10:58","date_gmt":"2020-02-26T07:10:58","guid":{"rendered":"https:\/\/www.icomos.ch\/?p=3310\/"},"modified":"2024-09-29T17:13:30","modified_gmt":"2024-09-29T17:13:30","slug":"save-the-date-icomos-suisse-assemblee-des-membres-2020-15-16-mai-2020-a-nyon","status":"publish","type":"post","link":"https:\/\/www.icomos.ch\/fr\/save-the-date-icomos-suisse-assemblee-des-membres-2020-15-16-mai-2020-a-nyon\/","title":{"rendered":"Save the date: ICOMOS Suisse Assembl\u00e9e des membres 2020, 15.\/16. mai 2020 \u00e0 Nyon"},"content":{"rendered":"\n<p><span style=\"font: 300 1.5em\/1.6em 'Open Sans', sans-serif; text-align: left; color: #444444; text-transform: none; text-indent: 0px; letter-spacing: 0.05em; text-decoration: none; word-spacing: 0px; float: none; display: inline !important; white-space: normal; orphans: 2; font-size-adjust: none; font-stretch: normal; background-color: #ffffff; -webkit-text-stroke-width: 0px;\"><span style=\"font-size: x-large;\">L\u2019assembl\u00e9 des membres a lieu le&nbsp;15.\/16. mai 2020 \u00e0 Nyon&nbsp;(Ch\u00e2teau de Nyon, p<span class=\"LrzXr\">lace du ch\u00e2teau 5, 1260 Nyon<\/span>). Nous&nbsp;vous informons bientot avec toutes les informations&nbsp;importantes.<\/span><\/span><\/p>\n","protected":false},"excerpt":{"rendered":"<p>L\u2019assembl\u00e9 des membres a lieu le&nbsp;15.\/16. mai 2020 \u00e0 Nyon&nbsp;(Ch\u00e2teau de Nyon, place du ch\u00e2teau 5, 1260 Nyon). Nous&nbsp;vous informons bientot avec toutes les informations&nbsp;importantes.<\/p>\n","protected":false},"author":2,"featured_media":0,"comment_status":"closed","ping_status":"closed","sticky":false,"template":"","format":"standard","meta":{"footnotes":""},"categories":[9],"tags":[],"class_list":["post-3310","post","type-post","status-publish","format-standard","hentry","category-actuel"],"_links":{"self":[{"href":"https:\/\/www.icomos.ch\/fr\/wp-json\/wp\/v2\/posts\/3310","targetHints":{"allow":["GET"]}}],"collection":[{"href":"https:\/\/www.icomos.ch\/fr\/wp-json\/wp\/v2\/posts"}],"about":[{"href":"https:\/\/www.icomos.ch\/fr\/wp-json\/wp\/v2\/types\/post"}],"author":[{"embeddable":true,"href":"https:\/\/www.icomos.ch\/fr\/wp-json\/wp\/v2\/users\/2"}],"replies":[{"embeddable":true,"href":"https:\/\/www.icomos.ch\/fr\/wp-json\/wp\/v2\/comments?post=3310"}],"version-history":[{"count":2,"href":"https:\/\/www.icomos.ch\/fr\/wp-json\/wp\/v2\/posts\/3310\/revisions"}],"predecessor-version":[{"id":8114,"href":"https:\/\/www.icomos.ch\/fr\/wp-json\/wp\/v2\/posts\/3310\/revisions\/8114"}],"wp:attachment":[{"href":"https:\/\/www.icomos.ch\/fr\/wp-json\/wp\/v2\/media?parent=3310"}],"wp:term":[{"taxonomy":"category","embeddable":true,"href":"https:\/\/www.icomos.ch\/fr\/wp-json\/wp\/v2\/categories?post=3310"},{"taxonomy":"post_tag","embeddable":true,"href":"https:\/\/www.icomos.ch\/fr\/wp-json\/wp\/v2\/tags?post=3310"}],"curies":[{"name":"wp","href":"https:\/\/api.w.org\/{rel}","templated":true}]}}