{"id":3320,"date":"2020-01-16T07:51:05","date_gmt":"2020-01-16T07:51:05","guid":{"rendered":"https:\/\/www.icomos.ch\/?p=3320\/"},"modified":"2024-09-29T17:15:55","modified_gmt":"2024-09-29T17:15:55","slug":"professor-roland-silva-1933-2020-architekt-und-archaeologe-praesident-von-icomos-1990-1999-ausgezeichnet-mit-dem-piero-gazzola-preis-1999-ist-am-1-januar-2020-verstorben-er-war-der-erste-ausse","status":"publish","type":"post","link":"https:\/\/www.icomos.ch\/fr\/professor-roland-silva-1933-2020-architekt-und-archaeologe-praesident-von-icomos-1990-1999-ausgezeichnet-mit-dem-piero-gazzola-preis-1999-ist-am-1-januar-2020-verstorben-er-war-der-erste-ausse\/","title":{"rendered":"In memoriam Roland Silva (1933-2020)"},"content":{"rendered":"\n<p>Le professeur Roland Silva (1933-2020), architecte et arch\u00e9ologue, pr\u00e9sident d\u2019ICOMOS de 1990 \u00e0 1999, laur\u00e9at du prix Piero Gazzola 1999, est d\u00e9c\u00e9d\u00e9 le 1er janvier 2020. Il fut le premier pr\u00e9sident d\u2019ICOMOS \u00e0 ne pas \u00eatre issu d\u2019un pays europ\u00e9en. Sous sa houlette a \u00e9t\u00e9 publi\u00e9 le document <a href=\"https:\/\/www.icomos.org\/charters\/nara-e.pdf\" target=\"_blank\" rel=\"noopener noreferrer\">de Nara sur l&#8217;authenticit\u00e9 (1994)<\/a>&nbsp;&nbsp;Il incarne aux yeux d\u2019ICOMOS Suisse une importance toute particuli\u00e8re, puisqu\u2019il a \u00e9t\u00e9 \u00e9lu comme pr\u00e9sident dans le cadre de l\u2019Assembl\u00e9e g\u00e9n\u00e9rale tenue \u00e0 Lausanne en 1990. ICOMOS Suisse a diffus\u00e9 une lettre de condol\u00e9ances adress\u00e9e au Sri Lanka et \u00e0 sa famille.<\/p>\n\n\n\n<p>In the name of ICOMOS Suisse, Niklaus Ledergerber, president and myself, Monica Bilfinger, Secretary general, would like to express our sincere condolescences to ICOMOS Sri Lanka and the family of Roland Silva.<\/p>\n\n\n\n<p>To the members of ICOMOS Suisse Roland Silva has always been special since he was the first and only international president ever elected in Switzerland. It was 1990 at the General Assembly, when ICOMOS was in crisis, that Roland Silva was named president. He was&nbsp;the first president coming from Asia and as such opening ICOMOS to the big international world &#8211; but for&nbsp;ICOMOS Suisse, he always remained a little bit &#8220;our own&#8221; president. His first speech that he held for the ICOMOS community &#8211; he held it in the Palais de Rumine in Lausanne.<\/p>\n\n\n\n<p>When Roland Silva and ICOMOS Sri Lanka invited for the General Assembly to Colombo, there was quite a big delegation from ICOMOS Suisse attending this General Assembly. Speaking for myself, it was one of the most beautiful General Assemblies ever. Unforgettable: being received and greeted at the airport in Colombo&nbsp;by Roland Silva personally who put a wreath of flowers around our neck, unforgettable&nbsp;attending the Perahera, unforgettable the visits to the great archeological sites under the guidance of Roland Silva. In the years of his presidency,&nbsp;ICOMOS became truly international.<\/p>\n\n\n\n<p>After his stepping down in Mexico, we saw less of Roland Silva. Yes he was there at the General Assemblies, but as a guest. Then he attended the 50th anniversary in Warshaw. This was my personal highlight and my last meeting with Roland Silva. He had just finished the publication of his ICOMOS texts and memories. He was in the same hotel as myself and we spent the most memorable evening together where we exchanged all the memories of Lausanne 1990. How he recalled that the events had been, as he had never intended to become president of ICOMOS. And how I, as a very young secretary at the time, had perceived his election. I could tell him, that his election also had had an&nbsp;impact on ICOMOS Suisse. In fact, it had initiated not only on an international, but also on a national level, a small revolution. As a consecution&nbsp;to the election of Roland Silva, ICOMOS Suisse had then started a turnover and became the organization that it is today. And today we can say:&nbsp;thanks to Roland Silva, these events happened!<\/p>\n\n\n\n<p>We will keep fondest memories of Roland Silva, as a great archeologist, as a wise president of ICOMOS and as a wonderfully warm and kind personality.<\/p>\n\n\n\n<p>For ICOMOS Suisse: Monica Bilfinger, Secretary General ICOMOS Suisse.<\/p>\n","protected":false},"excerpt":{"rendered":"<p>Le professeur Roland Silva (1933-2020), architecte et arch\u00e9ologue, pr\u00e9sident d\u2019ICOMOS de 1990 \u00e0 1999, laur\u00e9at du prix Piero Gazzola 1999, est d\u00e9c\u00e9d\u00e9 le 1er janvier 2020. Il fut le premier pr\u00e9sident d\u2019ICOMOS \u00e0 ne pas \u00eatre issu d\u2019un pays europ\u00e9en. Sous sa houlette a \u00e9t\u00e9 publi\u00e9 le document de Nara sur l&#8217;authenticit\u00e9 (1994)&nbsp;&nbsp;Il incarne aux [&hellip;]<\/p>\n","protected":false},"author":2,"featured_media":0,"comment_status":"open","ping_status":"open","sticky":false,"template":"","format":"standard","meta":{"footnotes":""},"categories":[9],"tags":[],"class_list":["post-3320","post","type-post","status-publish","format-standard","hentry","category-actuel"],"_links":{"self":[{"href":"https:\/\/www.icomos.ch\/fr\/wp-json\/wp\/v2\/posts\/3320","targetHints":{"allow":["GET"]}}],"collection":[{"href":"https:\/\/www.icomos.ch\/fr\/wp-json\/wp\/v2\/posts"}],"about":[{"href":"https:\/\/www.icomos.ch\/fr\/wp-json\/wp\/v2\/types\/post"}],"author":[{"embeddable":true,"href":"https:\/\/www.icomos.ch\/fr\/wp-json\/wp\/v2\/users\/2"}],"replies":[{"embeddable":true,"href":"https:\/\/www.icomos.ch\/fr\/wp-json\/wp\/v2\/comments?post=3320"}],"version-history":[{"count":4,"href":"https:\/\/www.icomos.ch\/fr\/wp-json\/wp\/v2\/posts\/3320\/revisions"}],"predecessor-version":[{"id":8121,"href":"https:\/\/www.icomos.ch\/fr\/wp-json\/wp\/v2\/posts\/3320\/revisions\/8121"}],"wp:attachment":[{"href":"https:\/\/www.icomos.ch\/fr\/wp-json\/wp\/v2\/media?parent=3320"}],"wp:term":[{"taxonomy":"category","embeddable":true,"href":"https:\/\/www.icomos.ch\/fr\/wp-json\/wp\/v2\/categories?post=3320"},{"taxonomy":"post_tag","embeddable":true,"href":"https:\/\/www.icomos.ch\/fr\/wp-json\/wp\/v2\/tags?post=3320"}],"curies":[{"name":"wp","href":"https:\/\/api.w.org\/{rel}","templated":true}]}}