{"id":3339,"date":"2020-02-25T08:29:41","date_gmt":"2020-02-25T08:29:41","guid":{"rendered":"https:\/\/www.icomos.ch\/?p=3339\/"},"modified":"2024-09-29T17:13:38","modified_gmt":"2024-09-29T17:13:38","slug":"lettre-du-president-de-licomos-21-janvier-2020","status":"publish","type":"post","link":"https:\/\/www.icomos.ch\/fr\/lettre-du-president-de-licomos-21-janvier-2020\/","title":{"rendered":"Lettre du Pr\u00e9sident de l&#8217;ICOMOS &#8211; 21 janvier 2020"},"content":{"rendered":"\n<p>Chers coll\u00e8gues de l&#8217;ICOMOS,<\/p>\n\n\n\n<p>J&#8217;esp\u00e8re que 2020 commence bien pour vous ! Je suis heureux d&#8217;avoir vu beaucoup d&#8217;entre vous \u00e0 <a href=\"http:\/\/3sp7.mj.am\/lnk\/AMcAABSS35oAAAAAAAAAAGbCYtcAASP5lr0AAAAAAAPAzgBeJxPyQg3Vs_2pR-6lbrJsAfiYHQADlbM\/2\/pv5V2FwF8zmo-kqq0NsHnw\/aHR0cHM6Ly93d3cuaWNvbW9zLm9yZy9pbmRleC5waHA_b3B0aW9uPWNvbV9hY3ltYWlsaW5nJmN0cmw9dXJsJnN1YmlkPTkyNSZ1cmxpZD01MDY4Jm1haWxpZD00Mjg\">Marrakech<\/a>, et j&#8217;esp\u00e8re en voir encore davantage \u00e0 <a href=\"http:\/\/3sp7.mj.am\/lnk\/AMcAABSS35oAAAAAAAAAAGbCYtcAASP5lr0AAAAAAAPAzgBeJxPyQg3Vs_2pR-6lbrJsAfiYHQADlbM\/3\/rjcM8XxJqkejADZqVmbh4w\/aHR0cHM6Ly93d3cuaWNvbW9zLm9yZy9pbmRleC5waHA_b3B0aW9uPWNvbV9hY3ltYWlsaW5nJmN0cmw9dXJsJnN1YmlkPTkyNSZ1cmxpZD01MDY5Jm1haWxpZD00Mjg\">Sydney<\/a>. Dans cette derni\u00e8re lettre en tant que Pr\u00e9sident, je vous pr\u00e9sente un rapport sur cette derni\u00e8re ann\u00e9e et sur ma proposition de changements pour l&#8217;ICOMOS, afin de garantir la durabilit\u00e9 et la pertinence de notre organisation dans ce monde en mutation. Vos r\u00e9flexions \u00e0 ce sujet sont les bienvenues.<\/p>\n\n\n\n<p>Fin 2018, j&#8217;ai cherch\u00e9 \u00e0 traiter de la question de l&#8217;expansion de la pr\u00e9sence mondiale de l&#8217;ICOMOS, actuellement \u00e9tabli dans environ 70% des pays du monde entier. En 2019, j&#8217;ai visit\u00e9 de nombreux pays, dont la Tunisie, les Pays-Bas, la Pologne, la Belgique, la Jordanie, les Philippines, la Hongrie, la Roumanie, l&#8217;Azerba\u00efdjan, le Mont\u00e9n\u00e9gro, le Liban, le Maroc, la Turquie, la Suisse, l&#8217;Allemagne, la Chine et l&#8217;Argentine. J&#8217;y ai rencontr\u00e9 des coll\u00e8gues de l&#8217;ICOMOS et d&#8217;autres experts du patrimoine afin de collaborer \u00e0 la r\u00e9solution des probl\u00e8mes urgents du patrimoine, aboutissant, par exemple, \u00e0 de nouvelles alliances institutionnelles, au maintien de&nbsp; notre r\u00f4le consultatif pour les sites du patrimoine mondial, au deuxi\u00e8me Forum des universit\u00e9, \u00e0 la cr\u00e9ation et au renforcement de nouveaux Comit\u00e9s nationaux, \u00e0 une consultation \u00e0 propos des nouveaux processus d&#8217;\u00e9valuation des sites du patrimoine mondial, au soutien de conf\u00e9rences sur la Baukultur, les Jeux Olympiques modernes et le patrimoine, ou d&#8217;autres questions \u00e9mergentes. En 2020, je travaillerai pour plus de dialogue et de consultation des membres de l&#8217;ICOMOS, tout en, je l&#8217;esp\u00e8re, visitant les zones o\u00f9 l&#8217;ICOMOS est sous-repr\u00e9sent\u00e9.<\/p>\n\n\n\n<p>Dans mon dernier message, j&#8217;ai \u00e9crit que 2019 serait une ann\u00e9e cruciale pour les <a href=\"http:\/\/3sp7.mj.am\/lnk\/AMcAABSS35oAAAAAAAAAAGbCYtcAASP5lr0AAAAAAAPAzgBeJxPyQg3Vs_2pR-6lbrJsAfiYHQADlbM\/5\/_zRscSHR0pIxx0fEKpA-2w\/aHR0cHM6Ly93d3cuaWNvbW9zLm9yZy9pbmRleC5waHA_b3B0aW9uPWNvbV9hY3ltYWlsaW5nJmN0cmw9dXJsJnN1YmlkPTkyNSZ1cmxpZD01MDcwJm1haWxpZD00Mjg\">activit\u00e9s de l&#8217;ICOMOS relatives au patrimoine mondial<\/a>, car le Comit\u00e9 du patrimoine mondial a envisag\u00e9 d&#8217;impliquer d&#8217;autres acteurs dans le processus d&#8217;\u00e9valuation. Selon moi, cela pourrait signifier la diminution de l&#8217;importance de notre organisation. J&#8217;ai assist\u00e9 \u00e0 la plupart des sessions du groupe de travail ad hoc du Comit\u00e9 du patrimoine mondial \u00e0 Paris, assist\u00e9 de notre Directrice g\u00e9n\u00e9rale, Marie-Laure Lavenir. Au sein de ce groupe, dont le r\u00f4le \u00e9tait de discuter des modalit\u00e9s possibles d&#8217;implication d&#8217;autres organismes, nous avons d\u00e9montr\u00e9 la force de l&#8217;ICOMOS, \u00e0 savoir le travail multidisciplinaire et de haute qualit\u00e9 de ses membres et leur contribution au syst\u00e8me du patrimoine mondial. Au cours de ce processus difficile, nous avons \u00e9galement collabor\u00e9 avec l&#8217;UICN (Union Internationale pour la Conservation de la Nature) et l\u2019ICCROM (Centre International d&#8217;Etudes pour la Conservation et la Restauration des Biens culturels). Pourtant, jusqu&#8217;\u00e0 un mois avant la Conf\u00e9rence du Comit\u00e9 du patrimoine mondial \u00e0 Bakou, l&#8217;issue de cette r\u00e9flexion \u00e9tait incertaine. Cependant, je suis heureux de vous informer que le Comit\u00e9 du patrimoine mondial a d\u00e9cid\u00e9 de maintenir le statu quo. Simultan\u00e9ment, nous travaillons sur un nouveau m\u00e9canisme, l&#8217;\u00e9valuation pr\u00e9liminaire, suite \u00e0 une suggestion du groupe d&#8217;experts r\u00e9unis \u00e0 Tunis en janvier 2019, \u00e0 laquelle Marie-Laure Lavenir et moi-m\u00eame avons assist\u00e9, pour r\u00e9duire les co\u00fbts d&#8217;\u00e9valuation des propositions d\u2019inscriptions non retenues. L&#8217;ICOMOS a jou\u00e9 et continuera de jouer un r\u00f4le important dans l\u2019\u00e9laboration des modalit\u00e9s de ce nouveau processus. Cela marque le d\u00e9but d&#8217;un nouveau chapitre dans lequel l&#8217;ICOMOS aura un r\u00f4le important \u00e0 jouer.<\/p>\n\n\n\n<p>Ces circonstances nous montrent que l&#8217;environnement de l&#8217;ICOMOS change constamment et nous devons \u00eatre en mesure de nous adapter \u00e0 l&#8217;\u00e9volution de ces conditions ainsi que de fortifier notre organisation. Si la qualit\u00e9 du travail de l&#8217;ICOMOS est remise en question, il sera beaucoup plus difficile pour notre organisation et ses Comit\u00e9s scientifiques et nationaux d&#8217;envisager &nbsp;l&#8217;avenir. Si chaque composant du travail de l&#8217;ICOMOS reste isol\u00e9, la qualit\u00e9 du travail s&#8217;en verra menac\u00e9e. L&#8217;ICOMOS devrait donc promouvoir une plus grande synergie entre ses membres.<\/p>\n\n\n\n<p>\u00c0 <a href=\"http:\/\/3sp7.mj.am\/lnk\/AMcAABSS35oAAAAAAAAAAGbCYtcAASP5lr0AAAAAAAPAzgBeJxPyQg3Vs_2pR-6lbrJsAfiYHQADlbM\/6\/3xSbpBYpyShHZjHg2wW_hg\/aHR0cHM6Ly93d3cuaWNvbW9zLm9yZy9pbmRleC5waHA_b3B0aW9uPWNvbV9hY3ltYWlsaW5nJmN0cmw9dXJsJnN1YmlkPTkyNSZ1cmxpZD00NTg2Jm1haWxpZD00Mjg\">Marrakech<\/a>, j&#8217;ai propos\u00e9 un mod\u00e8le corporatif pour l&#8217;ICOMOS, bas\u00e9 sur la structure d&#8217;un \u00e9cosyst\u00e8me o\u00f9 les synergies reposent sur chaque partie, chaque membre expert ou Comit\u00e9 ayant son propre r\u00f4le et travaillant en collaboration avec les autres. Ensemble, nous pouvons d\u00e9finir un cadre commun pour des strat\u00e9gies, des activit\u00e9s et des r\u00e9sultats \u00e0 long terme afin de nous maintenir align\u00e9s. Combin\u00e9 avec une expertise et une repr\u00e9sentation g\u00e9ographique plus diversifi\u00e9es et un \u00e9quilibre g\u00e9n\u00e9rationnel gr\u00e2ce \u00e0 la croissance des professionnels \u00e9mergents, nous nous construisons un avenir organisationnel sain. J&#8217;invite les dirigeants de chaque Comit\u00e9 et du Conseil d\u2019administration \u00e0 r\u00e9fl\u00e9chir aux strat\u00e9gies \u00e0 court, moyen et long terme pour atteindre ces objectifs. Les r\u00e9unions statutaires pourront servir de forums pour en discuter.<\/p>\n\n\n\n<p>De plus, la r\u00e9cente \u00e9volution des Statuts de l&#8217;ICOMOS signifie un changement fr\u00e9quent de leadership \u00e0 tous les niveaux de l&#8217;organisation, et le cycle de trois ans inhibe notre perspective vers des strat\u00e9gies \u00e0 long terme. Pour devenir stable sur le plan organisationnel, nous devons prioriser ou au moins accorder l&#8217;attention n\u00e9cessaire \u00e0 un d\u00e9veloppement \u00e0 plus long terme. Je vous propose d&#8217;envisager une vision sur dix ans et vous invite \u00e0 imaginer un ICOMOS 2030 dont vous souhaiteriez faire partie. J&#8217;esp\u00e8re que nous aurons l&#8217;occasion de discuter de notre \u00ab ICOMOS 2030 \u00bb \u00e0 <a href=\"http:\/\/3sp7.mj.am\/lnk\/AMcAABSS35oAAAAAAAAAAGbCYtcAASP5lr0AAAAAAAPAzgBeJxPyQg3Vs_2pR-6lbrJsAfiYHQADlbM\/8\/9IAM6q7pA57IPAPB9ihYRQ\/aHR0cHM6Ly93d3cuaWNvbW9zLm9yZy9pbmRleC5waHA_b3B0aW9uPWNvbV9hY3ltYWlsaW5nJmN0cmw9dXJsJnN1YmlkPTkyNSZ1cmxpZD00NTg3Jm1haWxpZD00Mjg\">Sydney<\/a> en octobre prochain !<\/p>\n\n\n\n<p>Avec mes amitit\u00e9s<\/p>\n\n\n\n<p>Toshiyuki Kono Pr\u00e9sident de l&#8217;ICOMOS<\/p>\n","protected":false},"excerpt":{"rendered":"<p>Chers coll\u00e8gues de l&#8217;ICOMOS, J&#8217;esp\u00e8re que 2020 commence bien pour vous ! Je suis heureux d&#8217;avoir vu beaucoup d&#8217;entre vous \u00e0 Marrakech, et j&#8217;esp\u00e8re en voir encore davantage \u00e0 Sydney. Dans cette derni\u00e8re lettre en tant que Pr\u00e9sident, je vous pr\u00e9sente un rapport sur cette derni\u00e8re ann\u00e9e et sur ma proposition de changements pour l&#8217;ICOMOS, [&hellip;]<\/p>\n","protected":false},"author":2,"featured_media":0,"comment_status":"open","ping_status":"open","sticky":false,"template":"","format":"standard","meta":{"footnotes":""},"categories":[9],"tags":[],"class_list":["post-3339","post","type-post","status-publish","format-standard","hentry","category-actuel"],"_links":{"self":[{"href":"https:\/\/www.icomos.ch\/fr\/wp-json\/wp\/v2\/posts\/3339","targetHints":{"allow":["GET"]}}],"collection":[{"href":"https:\/\/www.icomos.ch\/fr\/wp-json\/wp\/v2\/posts"}],"about":[{"href":"https:\/\/www.icomos.ch\/fr\/wp-json\/wp\/v2\/types\/post"}],"author":[{"embeddable":true,"href":"https:\/\/www.icomos.ch\/fr\/wp-json\/wp\/v2\/users\/2"}],"replies":[{"embeddable":true,"href":"https:\/\/www.icomos.ch\/fr\/wp-json\/wp\/v2\/comments?post=3339"}],"version-history":[{"count":3,"href":"https:\/\/www.icomos.ch\/fr\/wp-json\/wp\/v2\/posts\/3339\/revisions"}],"predecessor-version":[{"id":8116,"href":"https:\/\/www.icomos.ch\/fr\/wp-json\/wp\/v2\/posts\/3339\/revisions\/8116"}],"wp:attachment":[{"href":"https:\/\/www.icomos.ch\/fr\/wp-json\/wp\/v2\/media?parent=3339"}],"wp:term":[{"taxonomy":"category","embeddable":true,"href":"https:\/\/www.icomos.ch\/fr\/wp-json\/wp\/v2\/categories?post=3339"},{"taxonomy":"post_tag","embeddable":true,"href":"https:\/\/www.icomos.ch\/fr\/wp-json\/wp\/v2\/tags?post=3339"}],"curies":[{"name":"wp","href":"https:\/\/api.w.org\/{rel}","templated":true}]}}