{"id":3372,"date":"2020-02-25T12:07:13","date_gmt":"2020-02-25T12:07:13","guid":{"rendered":"https:\/\/www.icomos.ch\/?p=3372\/"},"modified":"2024-09-29T17:13:33","modified_gmt":"2024-09-29T17:13:33","slug":"lancement-du-prix-du-patrimoine-ecologique-et-paysager","status":"publish","type":"post","link":"https:\/\/www.icomos.ch\/fr\/lancement-du-prix-du-patrimoine-ecologique-et-paysager\/","title":{"rendered":"Lancement du Prix du Patrimoine Ecologique et Paysager"},"content":{"rendered":"\n<p>Ce prix, propos\u00e9 par la Fondation Etrillard, a comme objectif de soutenir un projet de restauration de domaine historique paysager men\u00e9 dans un souci \u00e9cologique en France ou en Suisse.<\/p>\n\n\n\n<p>Vous trouverez plus d&#8217;informations en cliquant sur le <a href=\"https:\/\/www.fondationetrillard.ch\/prix-du-patrimoine-ecologique-et-paysager\/\" target=\"_blank\" rel=\"noopener noreferrer\">lien<\/a>.<\/p>\n\n\n\n<p>&nbsp;<\/p>\n\n\n\n<p>&nbsp;<\/p>\n","protected":false},"excerpt":{"rendered":"<p>Ce prix, propos\u00e9 par la Fondation Etrillard, a comme objectif de soutenir un projet de restauration de domaine historique paysager men\u00e9 dans un souci \u00e9cologique en France ou en Suisse. Vous trouverez plus d&#8217;informations en cliquant sur le lien. &nbsp; &nbsp;<\/p>\n","protected":false},"author":2,"featured_media":0,"comment_status":"open","ping_status":"open","sticky":false,"template":"","format":"standard","meta":{"footnotes":""},"categories":[9],"tags":[],"class_list":["post-3372","post","type-post","status-publish","format-standard","hentry","category-actuel"],"_links":{"self":[{"href":"https:\/\/www.icomos.ch\/fr\/wp-json\/wp\/v2\/posts\/3372","targetHints":{"allow":["GET"]}}],"collection":[{"href":"https:\/\/www.icomos.ch\/fr\/wp-json\/wp\/v2\/posts"}],"about":[{"href":"https:\/\/www.icomos.ch\/fr\/wp-json\/wp\/v2\/types\/post"}],"author":[{"embeddable":true,"href":"https:\/\/www.icomos.ch\/fr\/wp-json\/wp\/v2\/users\/2"}],"replies":[{"embeddable":true,"href":"https:\/\/www.icomos.ch\/fr\/wp-json\/wp\/v2\/comments?post=3372"}],"version-history":[{"count":3,"href":"https:\/\/www.icomos.ch\/fr\/wp-json\/wp\/v2\/posts\/3372\/revisions"}],"predecessor-version":[{"id":8115,"href":"https:\/\/www.icomos.ch\/fr\/wp-json\/wp\/v2\/posts\/3372\/revisions\/8115"}],"wp:attachment":[{"href":"https:\/\/www.icomos.ch\/fr\/wp-json\/wp\/v2\/media?parent=3372"}],"wp:term":[{"taxonomy":"category","embeddable":true,"href":"https:\/\/www.icomos.ch\/fr\/wp-json\/wp\/v2\/categories?post=3372"},{"taxonomy":"post_tag","embeddable":true,"href":"https:\/\/www.icomos.ch\/fr\/wp-json\/wp\/v2\/tags?post=3372"}],"curies":[{"name":"wp","href":"https:\/\/api.w.org\/{rel}","templated":true}]}}