{"id":3400,"date":"2020-05-24T13:10:55","date_gmt":"2020-05-24T13:10:55","guid":{"rendered":"https:\/\/www.icomos.ch\/?p=3400\/"},"modified":"2024-09-29T17:13:01","modified_gmt":"2024-09-29T17:13:01","slug":"annuler-icomos-suisse-assemblee-des-membres-2020-15-16-mai-2020-a-nyon","status":"publish","type":"post","link":"https:\/\/www.icomos.ch\/fr\/annuler-icomos-suisse-assemblee-des-membres-2020-15-16-mai-2020-a-nyon\/","title":{"rendered":"Annuler et vote par \u00e9crit: ICOMOS Suisse Assembl\u00e9e des membres 2020, 15.\/16. mai 2020 \u00e0 Nyon \/ Annonce: ICOMOS Suisse Assembl\u00e9e des membres 2021, 7.\/8. mai 2021 \u00e0 Nyon"},"content":{"rendered":"\n<p><span lang=\"fr\">En raison des circonstances particuli\u00e8res et de l&#8217;incertitude quant au moment o\u00f9 les d\u00e9cisions du Conseil f\u00e9d\u00e9ral seront \u00e0 nouveau assouplies ou r\u00e9voqu\u00e9es, le directoire a d\u00e9cid\u00e9 d&#8217;annuler l&#8217;Assembl\u00e9e g\u00e9n\u00e9rale du 15 mai \u00e0 Nyon et de traiter les affaires statutaires de notre association par un vote par \u00e9crit. Il est vrai que nos statuts ne pr\u00e9voient pas ce cas, mais une ordonnance du Conseil f\u00e9d\u00e9ral du 16.3.2020 l\u2019autorise: \u00abEn cas de r\u00e9union de soci\u00e9t\u00e9s, l\u2019organisateur (\u2026) peut d\u00e9cider que les participant-e-s peuvent exercer leurs droits uniquement par voie \u00e9crite (\u2026)\u00bb.<\/span><\/p>\n\n\n\n<p><span lang=\"fr\">Les documents de vote seront envoy\u00e9s par courrier fin mai 2020 et \u00e0 tous les membres d&#8217;ICOMOS Suisse. Le bulletin de vote rempli doit \u00eatre retourn\u00e9 avant le <strong>30 juin 2020<\/strong>&nbsp;au Secr\u00e9tariat de l&#8217;ICOMOS Suisse. Le r\u00e9sultat du vote sera publi\u00e9 en juillet 2020 sur le site Internet d\u2019ICOMOS Suisse.<\/span><\/p>\n\n\n\n<p><span lang=\"fr\">Nous sommes \u00e9galement heureux d&#8217;annoncer que l&#8217;Assembl\u00e9e&nbsp;des membres&nbsp;2021 d&#8217;ICOMOS Suisse, se tiendra les 7 et 8 mai 2021 \u00e0 Nyon. Nous nous r\u00e9jouissons de vous pr\u00e9senter un programme int\u00e9ressant et nous esp\u00e9rons souhaiter la bienvenue \u00e0 un grand nombre de membres de l\u2019ICOMOS Suisse \u00e0 Nyon.<\/span><\/p>\n\n\n\n<p><span lang=\"fr\">&nbsp;<\/span><\/p>\n\n\n\n<p>&nbsp;<\/p>\n","protected":false},"excerpt":{"rendered":"<p>En raison des circonstances particuli\u00e8res et de l&#8217;incertitude quant au moment o\u00f9 les d\u00e9cisions du Conseil f\u00e9d\u00e9ral seront \u00e0 nouveau assouplies ou r\u00e9voqu\u00e9es, le directoire a d\u00e9cid\u00e9 d&#8217;annuler l&#8217;Assembl\u00e9e g\u00e9n\u00e9rale du 15 mai \u00e0 Nyon et de traiter les affaires statutaires de notre association par un vote par \u00e9crit. Il est vrai que nos statuts [&hellip;]<\/p>\n","protected":false},"author":2,"featured_media":0,"comment_status":"closed","ping_status":"closed","sticky":false,"template":"","format":"standard","meta":{"footnotes":""},"categories":[9],"tags":[],"class_list":["post-3400","post","type-post","status-publish","format-standard","hentry","category-actuel"],"_links":{"self":[{"href":"https:\/\/www.icomos.ch\/fr\/wp-json\/wp\/v2\/posts\/3400","targetHints":{"allow":["GET"]}}],"collection":[{"href":"https:\/\/www.icomos.ch\/fr\/wp-json\/wp\/v2\/posts"}],"about":[{"href":"https:\/\/www.icomos.ch\/fr\/wp-json\/wp\/v2\/types\/post"}],"author":[{"embeddable":true,"href":"https:\/\/www.icomos.ch\/fr\/wp-json\/wp\/v2\/users\/2"}],"replies":[{"embeddable":true,"href":"https:\/\/www.icomos.ch\/fr\/wp-json\/wp\/v2\/comments?post=3400"}],"version-history":[{"count":3,"href":"https:\/\/www.icomos.ch\/fr\/wp-json\/wp\/v2\/posts\/3400\/revisions"}],"predecessor-version":[{"id":8107,"href":"https:\/\/www.icomos.ch\/fr\/wp-json\/wp\/v2\/posts\/3400\/revisions\/8107"}],"wp:attachment":[{"href":"https:\/\/www.icomos.ch\/fr\/wp-json\/wp\/v2\/media?parent=3400"}],"wp:term":[{"taxonomy":"category","embeddable":true,"href":"https:\/\/www.icomos.ch\/fr\/wp-json\/wp\/v2\/categories?post=3400"},{"taxonomy":"post_tag","embeddable":true,"href":"https:\/\/www.icomos.ch\/fr\/wp-json\/wp\/v2\/tags?post=3400"}],"curies":[{"name":"wp","href":"https:\/\/api.w.org\/{rel}","templated":true}]}}