{"id":3414,"date":"2020-04-27T10:47:26","date_gmt":"2020-04-27T10:47:26","guid":{"rendered":"https:\/\/www.icomos.ch\/?p=3414\/"},"modified":"2024-09-29T17:13:08","modified_gmt":"2024-09-29T17:13:08","slug":"annuler-icomos-international-generalversammlung-1-10-oktober-2020-sydneyaustralien","status":"publish","type":"post","link":"https:\/\/www.icomos.ch\/fr\/annuler-icomos-international-generalversammlung-1-10-oktober-2020-sydneyaustralien\/","title":{"rendered":"Annuler: ICOMOS International Generalversammlung, 1. -10. Oktober 2020, Sydney\/Australien"},"content":{"rendered":"\n<p><span lang=\"de\"><span lang=\"fr\">Le Comit\u00e9 ex\u00e9cutif australien de l&#8217;ICOMOS a d\u00e9cid\u00e9 d&#8217;annuler l&#8217;Assembl\u00e9e g\u00e9n\u00e9rale internationale de l&#8217;ICOMOS en raison des circonstances sp\u00e9ciales, des restrictions actuelles et des incertitudes quant au moment o\u00f9 la vie sociale et \u00e9conomique et les voyages internationaux en Australie et dans le monde se normaliseront \u00e0 nouveau.<\/span><\/span><\/p>\n\n\n\n<p><span lang=\"de\"><span lang=\"fr\">Australie L&#8217;ICOMOS organisera un \u00e9v\u00e9nement \u00abMarker\u00bb en octobre 2020 pour reconna\u00eetre l&#8217;\u00e9norme soutien et la bonne volont\u00e9 dans la planification de GA2020. La forme de cet \u00e9v\u00e9nement (qui se d\u00e9roulera en ligne) reste \u00e0 d\u00e9terminer.<\/span><\/span><\/p>\n\n\n\n<p><span lang=\"fr\">Vous pouvez trouver plus d&#8217;informations<\/span> <a href=\"https:\/\/icomosga2020.org\/\" target=\"_blank\" rel=\"noopener noreferrer\">ici<\/a>.<\/p>\n","protected":false},"excerpt":{"rendered":"<p>Le Comit\u00e9 ex\u00e9cutif australien de l&#8217;ICOMOS a d\u00e9cid\u00e9 d&#8217;annuler l&#8217;Assembl\u00e9e g\u00e9n\u00e9rale internationale de l&#8217;ICOMOS en raison des circonstances sp\u00e9ciales, des restrictions actuelles et des incertitudes quant au moment o\u00f9 la vie sociale et \u00e9conomique et les voyages internationaux en Australie et dans le monde se normaliseront \u00e0 nouveau. Australie L&#8217;ICOMOS organisera un \u00e9v\u00e9nement \u00abMarker\u00bb en [&hellip;]<\/p>\n","protected":false},"author":2,"featured_media":0,"comment_status":"closed","ping_status":"closed","sticky":false,"template":"","format":"standard","meta":{"footnotes":""},"categories":[9],"tags":[],"class_list":["post-3414","post","type-post","status-publish","format-standard","hentry","category-actuel"],"_links":{"self":[{"href":"https:\/\/www.icomos.ch\/fr\/wp-json\/wp\/v2\/posts\/3414","targetHints":{"allow":["GET"]}}],"collection":[{"href":"https:\/\/www.icomos.ch\/fr\/wp-json\/wp\/v2\/posts"}],"about":[{"href":"https:\/\/www.icomos.ch\/fr\/wp-json\/wp\/v2\/types\/post"}],"author":[{"embeddable":true,"href":"https:\/\/www.icomos.ch\/fr\/wp-json\/wp\/v2\/users\/2"}],"replies":[{"embeddable":true,"href":"https:\/\/www.icomos.ch\/fr\/wp-json\/wp\/v2\/comments?post=3414"}],"version-history":[{"count":4,"href":"https:\/\/www.icomos.ch\/fr\/wp-json\/wp\/v2\/posts\/3414\/revisions"}],"predecessor-version":[{"id":8109,"href":"https:\/\/www.icomos.ch\/fr\/wp-json\/wp\/v2\/posts\/3414\/revisions\/8109"}],"wp:attachment":[{"href":"https:\/\/www.icomos.ch\/fr\/wp-json\/wp\/v2\/media?parent=3414"}],"wp:term":[{"taxonomy":"category","embeddable":true,"href":"https:\/\/www.icomos.ch\/fr\/wp-json\/wp\/v2\/categories?post=3414"},{"taxonomy":"post_tag","embeddable":true,"href":"https:\/\/www.icomos.ch\/fr\/wp-json\/wp\/v2\/tags?post=3414"}],"curies":[{"name":"wp","href":"https:\/\/api.w.org\/{rel}","templated":true}]}}