{"id":3422,"date":"2020-05-07T11:43:17","date_gmt":"2020-05-07T11:43:17","guid":{"rendered":"https:\/\/www.icomos.ch\/?p=3422\/"},"modified":"2024-09-29T17:13:04","modified_gmt":"2024-09-29T17:13:04","slug":"licomos-et-le-covid-19-le-patrimoine-comme-pierre-angulaire-de-la-relance-humaine-sociale-et-economique","status":"publish","type":"post","link":"https:\/\/www.icomos.ch\/fr\/licomos-et-le-covid-19-le-patrimoine-comme-pierre-angulaire-de-la-relance-humaine-sociale-et-economique\/","title":{"rendered":"L&#8217;ICOMOS et le COVID-19 : Le patrimoine comme pierre angulaire de la relance humaine, sociale et \u00e9conomique"},"content":{"rendered":"\n<p><span style=\"font-family: 'Helvetica',sans-serif; font-size: 10pt;\"><span style=\"color: #000000;\">Chers membres et coll\u00e8gues de l\u2019ICOMOS<\/span><\/span><\/p>\n\n\n\n<p><span style=\"font-family: 'Helvetica',sans-serif; font-size: 10pt;\"><span style=\"color: #000000;\">Nous esp\u00e9rons que vous et vos proches allez bien. Nous sommes conscients des situations tr\u00e8s difficiles auxquelles vous devez tous faire face, tant sur le plan personnel que professionnel.<\/span><\/span><\/p>\n\n\n\n<p><span style=\"font-family: 'Helvetica',sans-serif; font-size: 10pt;\"><span style=\"color: #000000;\">Parmi la masse d&#8217;informations qui circulent concernant le COVID-19, un message d&#8217;espoir a \u00e9t\u00e9 \u00e9mis par des publications m\u00e9dicales cr\u00e9dibles&nbsp;: un vaccin efficace pourrait probablement \u00eatre d\u00e9velopp\u00e9 dans les 18 prochains mois, ce qui repr\u00e9senterait la p\u00e9riode de d\u00e9veloppement la plus courte pour un vaccin dans l&#8217;histoire de l&#8217;humanit\u00e9. N\u00e9anmoins, une telle p\u00e9riode d\u2019un an et demi constitue encore un tr\u00e8s long chemin \u00e0 parcourir \u2013 un marathon dont la ligne d&#8217;arriv\u00e9e serait l&#8217;\u00e9tape \u00ab&nbsp;z\u00e9ro infection&nbsp;\u00bb. Pour rendre cette ce parcours durable, certains pays assouplissent d\u00e9j\u00e0 les restrictions qu&#8217;ils ont impos\u00e9es et permettent progressivement la reprise des activit\u00e9s \u00e9conomiques, tandis que d&#8217;autres devront maintenir ou introduire des mesures strictes.<\/span><\/span><\/p>\n\n\n\n<p><span style=\"font-family: 'Helvetica',sans-serif; font-size: 10pt;\"><span style=\"color: #000000;\">Le Fonds mon\u00e9taire international (FMI) pr\u00e9voit une reprise en forme de V avec un retour rapide \u00e0 la croissance en 2021 apr\u00e8s une forte chute du PIB mondial en 2020, alors que plusieurs \u00e9conomistes font des pr\u00e9visions plus pessimistes. Le sc\u00e9nario du FMI pourrait changer, si une deuxi\u00e8me vague d&#8217;infections survient ou si la disponibilit\u00e9 d&#8217;un vaccin est retard\u00e9e.<\/span><\/span><\/p>\n\n\n\n<p><span style=\"font-family: 'Helvetica',sans-serif; font-size: 10pt;\"><span style=\"color: #000000;\">Afin de surmonter ce qui pourrait \u00eatre la plus grave r\u00e9cession depuis la Grande D\u00e9pression, des plans de relance \u00e9conomique sans pr\u00e9c\u00e9dent sont mis en place dans les pays d\u00e9velopp\u00e9s. D&#8217;autre part, de nombreux pays en voie d\u00e9veloppement auront besoin d&#8217;une aide internationale.<\/span><\/span><\/p>\n\n\n\n<p><span style=\"font-family: 'Helvetica',sans-serif; font-size: 10pt;\"><span style=\"color: #000000;\">Cependant, les d\u00e9fis de la reprise ne sont pas seulement \u00e9conomiques, mais aussi humains et sociaux. L&#8217;importance de la justice sociale sera r\u00e9examin\u00e9e et r\u00e9\u00e9valu\u00e9e \u00e0 de nombreux niveaux, aux \u00e9chelles &nbsp;nationale et internationale, et elle sera une question centrale dans le processus de reprise et dans le monde post-COVID.<\/span><\/span><\/p>\n\n\n\n<p><span style=\"font-family: 'Helvetica',sans-serif; font-size: 10pt;\"><span style=\"color: #000000;\">L&#8217;ICOMOS estime que le patrimoine est non seulement un moteur de d\u00e9veloppement durable, mais aussi une pierre angulaire du red\u00e9ploiement humain et social apr\u00e8s les catastrophes, et notre organisation entend apporter sa contribution pendant et apr\u00e8s cette pand\u00e9mie. Nous vivons dans des circonstances incomparables, impr\u00e9visibles et complexes. Une approche plurale sera n\u00e9cessaire et des mesures ponctuelles ne suffiront pas pour surmonter les effets du COVID-19. Les actions de l&#8217;ICOMOS doivent \u00eatre con\u00e7ues dans une perspective \u00e0 long terme. L&#8217;ICOMOS pr\u00e9voit ainsi deux activit\u00e9s majeures.<\/span><\/span><\/p>\n\n\n\n<p><span style=\"font-family: 'Helvetica',sans-serif; font-size: 10pt;\"><span style=\"color: #000000;\">Tout d&#8217;abord, sachant que la reprise sera longue et prendra des formes diverses, l&#8217;ICOMOS, par l&#8217;interm\u00e9diaire de ses r\u00e9seaux mondiaux et en faisant appel \u00e0 ses diverses comp\u00e9tences, suivra et \u00e9valuera les d\u00e9veloppements et les mesures prises dans les pays pendant les trois prochaines ann\u00e9es au minimum, du point de vue de la conservation du patrimoine. L&#8217;ICOMOS publiera chaque ann\u00e9e un rapport sur la reprise post-pand\u00e9mie, couvrant les phases pr\u00e9 et post-vaccinales, et offrira une base solide pour les recommandations politiques.<\/span><\/span><\/p>\n\n\n\n<p><span style=\"font-family: 'Helvetica',sans-serif; font-size: 10pt;\"><span style=\"color: #000000;\">Deuxi\u00e8mement, l&#8217;ICOMOS croit au pouvoir du lieu. \u00catre pr\u00e9sent en personne dans un b\u00e2timent historique ou un site important est une exp\u00e9rience fondamentalement diff\u00e9rente de voir des images sur un \u00e9cran. Alors que les valeurs humaines pourraient b\u00e9n\u00e9ficier d\u2019une attention renouvel\u00e9e, l&#8217;importance du patrimoine pourrait \u00eatre n\u00e9glig\u00e9e par les gouvernements tout autant qu&#8217;auparavant, car ceux-ci seront submerg\u00e9s par les pressions du processus de reprise et les priorit\u00e9s concurrentes. L&#8217;ICOMOS doit \u00eatre proactif et veiller \u00e0 ce que les politiques et les mesures relatives au patrimoine qui sont mises en \u0153uvre pour att\u00e9nuer les effets de la pand\u00e9mie soient bien \u00e9quilibr\u00e9es &#8211; par exemple, que les plans de relance \u00e9conomique tiennent compte du r\u00f4le important que peuvent jouer le patrimoine et la conservation. Ces mesures ne prot\u00e9geront pas seulement le patrimoine, mais aussi les communaut\u00e9s qui y sont li\u00e9es. Dans ce contexte, l&#8217;ICOMOS lance une s\u00e9rie de webinaires, couvrant divers aspects et questions li\u00e9s \u00e0 la conservation du patrimoine, y compris les impacts de la pand\u00e9mie, avec des sessions destin\u00e9es \u00e0 la fois aux professionnels du patrimoine et au grand public.<\/span><\/span><\/p>\n\n\n\n<p><span style=\"font-family: 'Helvetica',sans-serif; font-size: 10pt;\"><span style=\"color: #000000;\">Les collaborations entre les Comit\u00e9s nationaux et scientifiques internationaux de l&#8217;ICOMOS et ses groupes de travail, notamment le groupe de travail des professionnels \u00e9mergents, sont indispensables \u00e0 la poursuite de ces deux projets, qui seront mis en \u0153uvre sous la direction conjointe du Conseil d&#8217;administration et du Conseil consultatif de l&#8217;ICOMOS. Tous les Comit\u00e9s et groupes de travail seront cordialement invit\u00e9s \u00e0 participer pour jouer un r\u00f4le actif.<\/span><\/span><\/p>\n\n\n\n<p><span style=\"font-family: 'Helvetica',sans-serif; font-size: 10pt;\"><span style=\"color: #000000;\">Enfin, la mani\u00e8re dont cette pand\u00e9mie affecte l&#8217;ICOMOS en tant qu&#8217;organisation, au c\u0153ur de laquelle se trouvent ses membres individuels, doit \u00eatre soigneusement surveill\u00e9e au-del\u00e0 de 2020. L&#8217;annulation de l&#8217;AG 2020 \u00e0 Sydney est une premi\u00e8re cons\u00e9quence profond\u00e9ment ressentie. Ce fut une d\u00e9cision douloureuse \u00e0 prendre pour les nombreux acteurs concern\u00e9s, en premier lieu pour ICOMOS Australie. L&#8217;ICOMOS doit saisir l&#8217;occasion de la situation actuelle pour adapter le format de ses \u00e9v\u00e9nements r\u00e9currents, y compris les r\u00e9unions statutaires, en faisant un meilleur usage des outils num\u00e9riques. Le Conseil d&#8217;administration et les Officiers du Conseil consultatif ont d\u00e9j\u00e0 commenc\u00e9 \u00e0 travailler sur ce point.<\/span><\/span><\/p>\n\n\n\n<p><span style=\"font-family: 'Helvetica',sans-serif; font-size: 10pt;\"><span style=\"color: #000000;\">Chers coll\u00e8gues, l&#8217;ICOMOS est convaincu que nos actions d&#8217;aujourd&#8217;hui fa\u00e7onnent notre avenir. Nous aurons besoin de la participation de chacun d&#8217;entre vous pour assumer la responsabilit\u00e9 sociale de l&#8217;ICOMOS et surmonter cette situation. Nous vous remercions pour votre soutien continu qui est grandement appr\u00e9ci\u00e9.<\/span><\/span><\/p>\n\n\n\n<p><span style=\"font-family: 'Helvetica',sans-serif; font-size: 10pt;\"><span style=\"color: #000000;\">Prenez bien soin de vous !<\/span><\/span><\/p>\n\n\n\n<p><span style=\"font-family: 'Helvetica',sans-serif; font-size: 10pt;\"><span style=\"color: #000000;\">Toshiyuki KONO, Pr\u00e9sident de l\u2019ICOMOS<br>Mikel LANDA, Pr\u00e9sident du Conseil Consultatif de l\u2019ICOMOS<\/span><\/span><\/p>\n","protected":false},"excerpt":{"rendered":"<p>Chers membres et coll\u00e8gues de l\u2019ICOMOS Nous esp\u00e9rons que vous et vos proches allez bien. Nous sommes conscients des situations tr\u00e8s difficiles auxquelles vous devez tous faire face, tant sur le plan personnel que professionnel. Parmi la masse d&#8217;informations qui circulent concernant le COVID-19, un message d&#8217;espoir a \u00e9t\u00e9 \u00e9mis par des publications m\u00e9dicales cr\u00e9dibles&nbsp;: [&hellip;]<\/p>\n","protected":false},"author":2,"featured_media":0,"comment_status":"open","ping_status":"open","sticky":false,"template":"","format":"standard","meta":{"footnotes":""},"categories":[9],"tags":[],"class_list":["post-3422","post","type-post","status-publish","format-standard","hentry","category-actuel"],"_links":{"self":[{"href":"https:\/\/www.icomos.ch\/fr\/wp-json\/wp\/v2\/posts\/3422","targetHints":{"allow":["GET"]}}],"collection":[{"href":"https:\/\/www.icomos.ch\/fr\/wp-json\/wp\/v2\/posts"}],"about":[{"href":"https:\/\/www.icomos.ch\/fr\/wp-json\/wp\/v2\/types\/post"}],"author":[{"embeddable":true,"href":"https:\/\/www.icomos.ch\/fr\/wp-json\/wp\/v2\/users\/2"}],"replies":[{"embeddable":true,"href":"https:\/\/www.icomos.ch\/fr\/wp-json\/wp\/v2\/comments?post=3422"}],"version-history":[{"count":3,"href":"https:\/\/www.icomos.ch\/fr\/wp-json\/wp\/v2\/posts\/3422\/revisions"}],"predecessor-version":[{"id":8108,"href":"https:\/\/www.icomos.ch\/fr\/wp-json\/wp\/v2\/posts\/3422\/revisions\/8108"}],"wp:attachment":[{"href":"https:\/\/www.icomos.ch\/fr\/wp-json\/wp\/v2\/media?parent=3422"}],"wp:term":[{"taxonomy":"category","embeddable":true,"href":"https:\/\/www.icomos.ch\/fr\/wp-json\/wp\/v2\/categories?post=3422"},{"taxonomy":"post_tag","embeddable":true,"href":"https:\/\/www.icomos.ch\/fr\/wp-json\/wp\/v2\/tags?post=3422"}],"curies":[{"name":"wp","href":"https:\/\/api.w.org\/{rel}","templated":true}]}}