{"id":3438,"date":"2020-07-17T07:57:28","date_gmt":"2020-07-17T07:57:28","guid":{"rendered":"https:\/\/www.icomos.ch\/?p=3438\/"},"modified":"2024-09-29T17:12:57","modified_gmt":"2024-09-29T17:12:57","slug":"declaration-conjointe-icom-icomos-sur-hagia-sophia","status":"publish","type":"post","link":"https:\/\/www.icomos.ch\/fr\/declaration-conjointe-icom-icomos-sur-hagia-sophia\/","title":{"rendered":"D\u00e9claration conjointe ICOM \/ ICOMOS sur Hagia Sophia"},"content":{"rendered":"\n<p>Veuillez trouver&nbsp;au dessus&nbsp;la d\u00e9claration conjointe ICOM \/ ICOMOS sur Hagia Sophia &nbsp;&#8211; o\u00f9 l&#8217;ICOM et l&#8217;ICOMOS expriment leurs pr\u00e9occupations concernant la d\u00e9cision de renverser le statut de Hagia Sophia, et les r\u00e9percussions possibles sur la conservation et l&#8217;accessibilit\u00e9 de ce patrimoine culturel exceptionnel.<\/p>\n\n\n\n<p><a href=\"https:\/\/www.icomos.ch\/wp-content\/uploads\/2020\/07\/15072020-Hagia-Sophia-ICOM-ICOMOS-joint-statement-FR_FINAL.pdf\" target=\"_blank\" rel=\"noopener noreferrer\">d\u00e9claration<\/a><\/p>\n","protected":false},"excerpt":{"rendered":"<p>Veuillez trouver&nbsp;au dessus&nbsp;la d\u00e9claration conjointe ICOM \/ ICOMOS sur Hagia Sophia &nbsp;&#8211; o\u00f9 l&#8217;ICOM et l&#8217;ICOMOS expriment leurs pr\u00e9occupations concernant la d\u00e9cision de renverser le statut de Hagia Sophia, et les r\u00e9percussions possibles sur la conservation et l&#8217;accessibilit\u00e9 de ce patrimoine culturel exceptionnel. d\u00e9claration<\/p>\n","protected":false},"author":2,"featured_media":0,"comment_status":"open","ping_status":"open","sticky":false,"template":"","format":"standard","meta":{"footnotes":""},"categories":[9],"tags":[],"class_list":["post-3438","post","type-post","status-publish","format-standard","hentry","category-actuel"],"_links":{"self":[{"href":"https:\/\/www.icomos.ch\/fr\/wp-json\/wp\/v2\/posts\/3438","targetHints":{"allow":["GET"]}}],"collection":[{"href":"https:\/\/www.icomos.ch\/fr\/wp-json\/wp\/v2\/posts"}],"about":[{"href":"https:\/\/www.icomos.ch\/fr\/wp-json\/wp\/v2\/types\/post"}],"author":[{"embeddable":true,"href":"https:\/\/www.icomos.ch\/fr\/wp-json\/wp\/v2\/users\/2"}],"replies":[{"embeddable":true,"href":"https:\/\/www.icomos.ch\/fr\/wp-json\/wp\/v2\/comments?post=3438"}],"version-history":[{"count":2,"href":"https:\/\/www.icomos.ch\/fr\/wp-json\/wp\/v2\/posts\/3438\/revisions"}],"predecessor-version":[{"id":8106,"href":"https:\/\/www.icomos.ch\/fr\/wp-json\/wp\/v2\/posts\/3438\/revisions\/8106"}],"wp:attachment":[{"href":"https:\/\/www.icomos.ch\/fr\/wp-json\/wp\/v2\/media?parent=3438"}],"wp:term":[{"taxonomy":"category","embeddable":true,"href":"https:\/\/www.icomos.ch\/fr\/wp-json\/wp\/v2\/categories?post=3438"},{"taxonomy":"post_tag","embeddable":true,"href":"https:\/\/www.icomos.ch\/fr\/wp-json\/wp\/v2\/tags?post=3438"}],"curies":[{"name":"wp","href":"https:\/\/api.w.org\/{rel}","templated":true}]}}