{"id":3457,"date":"2020-08-12T08:07:15","date_gmt":"2020-08-12T08:07:15","guid":{"rendered":"https:\/\/www.icomos.ch\/?p=3457\/"},"modified":"2024-09-29T17:12:42","modified_gmt":"2024-09-29T17:12:42","slug":"communique-icomos-liban-beyrouth-solidarite","status":"publish","type":"post","link":"https:\/\/www.icomos.ch\/fr\/communique-icomos-liban-beyrouth-solidarite\/","title":{"rendered":"communiqu\u00e9 ICOMOS Liban: Beyrouth \/ Solidarit\u00e9"},"content":{"rendered":"\n<p>Chers coll\u00e8gues d\u2019ICOMOS,<\/p>\n\n\n\n<p>Par ce communiqu\u00e9, nous tenons \u00e0 vous remercier pour l\u2019\u00e9lan de solidarit\u00e9 et pour vos messages qui nous sont parvenus ramenant une lueur d\u2019espoir face au d\u00e9sastre que notre ville \u00e0 subi dans sa chair, son esprit et son b\u00e2ti.<\/p>\n\n\n\n<p>Le mardi 4 ao\u00fbt 2020, la capitale libanaise Beyrouth subissait une explosion destructrice ravageant son c\u00e9l\u00e8bre port commercial et tous ses quartiers historiques du front de mer et sur un rayon de plusieurs kilom\u00e8tres.<\/p>\n\n\n\n<p>La ville de Beyrouth, victime de plusieurs destructions au cours des ann\u00e9es pass\u00e9es dues \u00e0 la guerre civile et \u00e0 la sp\u00e9culation immobili\u00e8re de la reconstruction, a vu dans cette catastrophe ses derniers quartiers traditionnels et divers \u00e9difices embl\u00e9matiques, maisons traditionnelles, mus\u00e9es, universit\u00e9s et h\u00f4pitaux gravement atteints. La menace de leur perte plane autant \u00e0 cause du souffle puissant de l\u2019explosion que de l\u2019avidit\u00e9 des promoteurs et des sp\u00e9culateurs immobiliers.<\/p>\n\n\n\n<p>L\u2019ICOMOS Liban et les Anciens du Centre de Restauration et de Conservation de l\u2019Universit\u00e9 Libanaise (Facult\u00e9 de Beaux-Arts et d\u2019architecture), (en coordination avec Blueshield Liban), assistent la Direction G\u00e9n\u00e9rale des Antiquit\u00e9s afin d\u2019\u00e9tablir un \u00e9tat des lieux de l\u2019ensemble des quartiers et des monuments historiques. Ainsi, un programme d\u2019urgence, le&nbsp;\u201cBEIRUT BUILT HERITAGE RESCUE 2020\u201d, a \u00e9t\u00e9 mis en place rassemblant b\u00e9n\u00e9volement plus de 40 architectes conservateurs et experts.<\/p>\n\n\n\n<p>Le travail consiste dans la collecte d\u2019archives et la documentation, ainsi que dans le recensement et l\u2019\u00e9valuation des d\u00e9g\u00e2ts dans l\u2019objectif d\u2019\u00e9tablir un plan g\u00e9n\u00e9ral de sauvetage.<\/p>\n\n\n\n<p>Les quartiers les plus menac\u00e9s sont Mar Mikhayel, Sayfi, Gemmayze, Rmeil, Port-Marfa\u2019, Geitawi, St-Nicolas, Zokak el-Blat, Minet el-Hosn, Bachoora (voir la carte ci-jointe).<\/p>\n\n\n\n<p>Cette entreprise est men\u00e9e en collaboration avec le Bureau de l\u2019UNESCO de Beyrouth, et l\u2019ICCROM \u00e0 travers son bureau r\u00e9gional \u00e0 Sharjah &#8211; Emirats Arabe Unis.<\/p>\n\n\n\n<p>L\u2019ICOMOS Liban remercie toutes les personnes et experts, \u0153uvrant pour la r\u00e9alisation de ce plan de sauvetage et tous nos coll\u00e8gues de l\u2019ICOMOS national et international et de nombreuses institutions pour leur implication et leur soutien.<\/p>\n\n\n\n<p>Jeanine Abdul Massih<br>Pr\u00e9sidente ICOMOS Liban<\/p>\n","protected":false},"excerpt":{"rendered":"<p>Chers coll\u00e8gues d\u2019ICOMOS, Par ce communiqu\u00e9, nous tenons \u00e0 vous remercier pour l\u2019\u00e9lan de solidarit\u00e9 et pour vos messages qui nous sont parvenus ramenant une lueur d\u2019espoir face au d\u00e9sastre que notre ville \u00e0 subi dans sa chair, son esprit et son b\u00e2ti. Le mardi 4 ao\u00fbt 2020, la capitale libanaise Beyrouth subissait une explosion [&hellip;]<\/p>\n","protected":false},"author":2,"featured_media":0,"comment_status":"open","ping_status":"open","sticky":false,"template":"","format":"standard","meta":{"footnotes":""},"categories":[9],"tags":[],"class_list":["post-3457","post","type-post","status-publish","format-standard","hentry","category-actuel"],"_links":{"self":[{"href":"https:\/\/www.icomos.ch\/fr\/wp-json\/wp\/v2\/posts\/3457","targetHints":{"allow":["GET"]}}],"collection":[{"href":"https:\/\/www.icomos.ch\/fr\/wp-json\/wp\/v2\/posts"}],"about":[{"href":"https:\/\/www.icomos.ch\/fr\/wp-json\/wp\/v2\/types\/post"}],"author":[{"embeddable":true,"href":"https:\/\/www.icomos.ch\/fr\/wp-json\/wp\/v2\/users\/2"}],"replies":[{"embeddable":true,"href":"https:\/\/www.icomos.ch\/fr\/wp-json\/wp\/v2\/comments?post=3457"}],"version-history":[{"count":2,"href":"https:\/\/www.icomos.ch\/fr\/wp-json\/wp\/v2\/posts\/3457\/revisions"}],"predecessor-version":[{"id":8103,"href":"https:\/\/www.icomos.ch\/fr\/wp-json\/wp\/v2\/posts\/3457\/revisions\/8103"}],"wp:attachment":[{"href":"https:\/\/www.icomos.ch\/fr\/wp-json\/wp\/v2\/media?parent=3457"}],"wp:term":[{"taxonomy":"category","embeddable":true,"href":"https:\/\/www.icomos.ch\/fr\/wp-json\/wp\/v2\/categories?post=3457"},{"taxonomy":"post_tag","embeddable":true,"href":"https:\/\/www.icomos.ch\/fr\/wp-json\/wp\/v2\/tags?post=3457"}],"curies":[{"name":"wp","href":"https:\/\/api.w.org\/{rel}","templated":true}]}}