{"id":5564,"date":"2021-03-24T09:20:09","date_gmt":"2021-03-24T09:20:09","guid":{"rendered":"https:\/\/www.icomos.ch\/?p=5564"},"modified":"2024-09-29T17:12:24","modified_gmt":"2024-09-29T17:12:24","slug":"report-de-licomos-suisse-assemblee-des-membres-2021-7-8-mai-2021-a-nyon","status":"publish","type":"post","link":"https:\/\/www.icomos.ch\/fr\/report-de-licomos-suisse-assemblee-des-membres-2021-7-8-mai-2021-a-nyon\/","title":{"rendered":"Report de l&#8217;ICOMOS Suisse Assembl\u00e9e des membres 2021, 7.\/8. mai 2021 \u00e0 Nyon"},"content":{"rendered":"\n<p>En raison des circonstances particuli\u00e8res et de l\u2019incertitude quant au moment o\u00f9 les d\u00e9cisions du Conseil f\u00e9d\u00e9ral seront \u00e0 nouveau assouplies ou r\u00e9voqu\u00e9es,&nbsp;le directoire a d\u00e9cid\u00e9 que l&#8217;Assembl\u00e9e g\u00e9n\u00e9rale de l&#8217;ICOMOS Suisse, qui aura lieu le 7\/8 mai 2021 \u00e0 Nyon devrait \u00eatre report\u00e9e. Nous en reparlerons plus tard.<\/p>\n\n\n\n<p>Nous vous remercions de votre compr\u00e9hension.<\/p>\n\n\n\n<pre id=\"tw-target-text\" class=\"tw-data-text tw-text-large XcVN5d tw-ta\" dir=\"ltr\" data-placeholder=\"\u00dcbersetzung\"><\/pre><\/p>\n","protected":false},"excerpt":{"rendered":"<p>En raison des circonstances particuli\u00e8res et de l\u2019incertitude quant au moment o\u00f9 les d\u00e9cisions du Conseil f\u00e9d\u00e9ral seront \u00e0 nouveau assouplies ou r\u00e9voqu\u00e9es,&nbsp;le directoire a d\u00e9cid\u00e9 que l&#8217;Assembl\u00e9e g\u00e9n\u00e9rale de l&#8217;ICOMOS Suisse, qui aura lieu le 7\/8 mai 2021 \u00e0 Nyon devrait \u00eatre report\u00e9e. Nous en reparlerons plus tard. Nous vous remercions de votre compr\u00e9hension.<\/p>\n","protected":false},"author":2,"featured_media":0,"comment_status":"closed","ping_status":"closed","sticky":false,"template":"","format":"standard","meta":{"footnotes":""},"categories":[9],"tags":[],"class_list":["post-5564","post","type-post","status-publish","format-standard","hentry","category-actuel"],"_links":{"self":[{"href":"https:\/\/www.icomos.ch\/fr\/wp-json\/wp\/v2\/posts\/5564","targetHints":{"allow":["GET"]}}],"collection":[{"href":"https:\/\/www.icomos.ch\/fr\/wp-json\/wp\/v2\/posts"}],"about":[{"href":"https:\/\/www.icomos.ch\/fr\/wp-json\/wp\/v2\/types\/post"}],"author":[{"embeddable":true,"href":"https:\/\/www.icomos.ch\/fr\/wp-json\/wp\/v2\/users\/2"}],"replies":[{"embeddable":true,"href":"https:\/\/www.icomos.ch\/fr\/wp-json\/wp\/v2\/comments?post=5564"}],"version-history":[{"count":3,"href":"https:\/\/www.icomos.ch\/fr\/wp-json\/wp\/v2\/posts\/5564\/revisions"}],"predecessor-version":[{"id":8098,"href":"https:\/\/www.icomos.ch\/fr\/wp-json\/wp\/v2\/posts\/5564\/revisions\/8098"}],"wp:attachment":[{"href":"https:\/\/www.icomos.ch\/fr\/wp-json\/wp\/v2\/media?parent=5564"}],"wp:term":[{"taxonomy":"category","embeddable":true,"href":"https:\/\/www.icomos.ch\/fr\/wp-json\/wp\/v2\/categories?post=5564"},{"taxonomy":"post_tag","embeddable":true,"href":"https:\/\/www.icomos.ch\/fr\/wp-json\/wp\/v2\/tags?post=5564"}],"curies":[{"name":"wp","href":"https:\/\/api.w.org\/{rel}","templated":true}]}}