{"id":5612,"date":"2021-04-23T13:54:58","date_gmt":"2021-04-23T13:54:58","guid":{"rendered":"https:\/\/www.icomos.ch\/?p=5612"},"modified":"2024-09-29T16:52:33","modified_gmt":"2024-09-29T16:52:33","slug":"save-the-date-icomos-suisse-assemblee-annuelle-du-24-et-25-septembre-2021-a-nyon","status":"publish","type":"post","link":"https:\/\/www.icomos.ch\/fr\/save-the-date-icomos-suisse-assemblee-annuelle-du-24-et-25-septembre-2021-a-nyon\/","title":{"rendered":"Save the Date: ICOMOS Suisse assembl\u00e9e annuelle du 24 et 25 septembre 2021 \u00e0 Nyon"},"content":{"rendered":"\n<p>Ch\u00e8res et chers coll\u00e8gues,<\/p>\n\n\n\n<p>Apr\u00e8s que le Conseil f\u00e9d\u00e9ral a communiqu\u00e9 cette semaine les trois \u00e9tapes d\u2019assouplissement des mesures de lutte contre la Covid, le bureau d\u2019ICOMOS a d\u00e9cid\u00e9 de tenir son assembl\u00e9e annuelle sur le mod\u00e8le habituel. Nous vous prions de bien vouloir r\u00e9server la date du <strong>24 et 25 septembre 2021.<\/strong> Catherine Courtiau organisera un programme d\u2019accompagnement d\u2019un grand int\u00e9r\u00eat \u00e0 Nyon. Vous recevrez le programme et l\u2019ordre du jour de notre assembl\u00e9e \u00e0 une date ult\u00e9rieure.<\/p>\n\n\n\n<p>Nous nous r\u00e9jouissons d\u2019ores et d\u00e9j\u00e0 de cette future rencontre de la famille ICOMOS sur les rives du lac L\u00e9man.<\/p>\n\n\n\n<p>Avec nos salutations les meilleures<\/p>\n\n\n\n<p>Pour le comit\u00e9<br>Niklaus Ledergerber, pr\u00e9sident<\/p>\n","protected":false},"excerpt":{"rendered":"<p>Ch\u00e8res et chers coll\u00e8gues, Apr\u00e8s que le Conseil f\u00e9d\u00e9ral a communiqu\u00e9 cette semaine les trois \u00e9tapes d\u2019assouplissement des mesures de lutte contre la Covid, le bureau d\u2019ICOMOS a d\u00e9cid\u00e9 de tenir son assembl\u00e9e annuelle sur le mod\u00e8le habituel. Nous vous prions de bien vouloir r\u00e9server la date du 24 et 25 septembre 2021. Catherine Courtiau [&hellip;]<\/p>\n","protected":false},"author":2,"featured_media":0,"comment_status":"closed","ping_status":"closed","sticky":false,"template":"","format":"standard","meta":{"footnotes":""},"categories":[9],"tags":[],"class_list":["post-5612","post","type-post","status-publish","format-standard","hentry","category-actuel"],"_links":{"self":[{"href":"https:\/\/www.icomos.ch\/fr\/wp-json\/wp\/v2\/posts\/5612","targetHints":{"allow":["GET"]}}],"collection":[{"href":"https:\/\/www.icomos.ch\/fr\/wp-json\/wp\/v2\/posts"}],"about":[{"href":"https:\/\/www.icomos.ch\/fr\/wp-json\/wp\/v2\/types\/post"}],"author":[{"embeddable":true,"href":"https:\/\/www.icomos.ch\/fr\/wp-json\/wp\/v2\/users\/2"}],"replies":[{"embeddable":true,"href":"https:\/\/www.icomos.ch\/fr\/wp-json\/wp\/v2\/comments?post=5612"}],"version-history":[{"count":3,"href":"https:\/\/www.icomos.ch\/fr\/wp-json\/wp\/v2\/posts\/5612\/revisions"}],"predecessor-version":[{"id":8066,"href":"https:\/\/www.icomos.ch\/fr\/wp-json\/wp\/v2\/posts\/5612\/revisions\/8066"}],"wp:attachment":[{"href":"https:\/\/www.icomos.ch\/fr\/wp-json\/wp\/v2\/media?parent=5612"}],"wp:term":[{"taxonomy":"category","embeddable":true,"href":"https:\/\/www.icomos.ch\/fr\/wp-json\/wp\/v2\/categories?post=5612"},{"taxonomy":"post_tag","embeddable":true,"href":"https:\/\/www.icomos.ch\/fr\/wp-json\/wp\/v2\/tags?post=5612"}],"curies":[{"name":"wp","href":"https:\/\/api.w.org\/{rel}","templated":true}]}}