{"id":5653,"date":"2021-09-02T08:21:02","date_gmt":"2021-09-02T08:21:02","guid":{"rendered":"https:\/\/www.icomos.ch\/?p=5653"},"modified":"2024-09-29T16:52:46","modified_gmt":"2024-09-29T16:52:46","slug":"icomos-suisse-assemblee-generale-2021-24-et-25-septembre-a-nyon-vd","status":"publish","type":"post","link":"https:\/\/www.icomos.ch\/fr\/icomos-suisse-assemblee-generale-2021-24-et-25-septembre-a-nyon-vd\/","title":{"rendered":"Icomos Suisse Assembl\u00e9e g\u00e9n\u00e9rale 2021, 24 et 25 septembre \u00e0 Nyon (VD)"},"content":{"rendered":"\n<p>L\u2019assembl\u00e9e g\u00e9n\u00e9rale 2021 de l\u2019ICOMOS Suisse aura lieu du 24 au 25 septembre 2021 \u00e0 Nyon. Vous trouverez toutes les informations importantes telles que le programme de la conf\u00e9rence, les comptes et les rapports annuels dans la documentation.<\/p>\n\n\n\n<p>Nous nous r\u00e9jouissons de vous pr\u00e9senter un programme int\u00e9ressant et nous esp\u00e9rons souhaiter la bienvenue \u00e0 un grand nombre de membres de l\u2019ICOMOS Suisse \u00e0 Nyon.<\/p>\n\n\n\n<p><a href=\"https:\/\/www.icomos.ch\/wp-content\/uploads\/2021\/08\/Icomos_MV-Booklet_final_20210826_fr.pdf\" target=\"_blank\" rel=\"noopener noreferrer\">Documentation<\/a><\/p>\n","protected":false},"excerpt":{"rendered":"<p>L\u2019assembl\u00e9e g\u00e9n\u00e9rale 2021 de l\u2019ICOMOS Suisse aura lieu du 24 au 25 septembre 2021 \u00e0 Nyon. Vous trouverez toutes les informations importantes telles que le programme de la conf\u00e9rence, les comptes et les rapports annuels dans la documentation. Nous nous r\u00e9jouissons de vous pr\u00e9senter un programme int\u00e9ressant et nous esp\u00e9rons souhaiter la bienvenue \u00e0 un [&hellip;]<\/p>\n","protected":false},"author":2,"featured_media":10386,"comment_status":"closed","ping_status":"closed","sticky":false,"template":"","format":"standard","meta":{"footnotes":""},"categories":[9,49],"tags":[],"class_list":["post-5653","post","type-post","status-publish","format-standard","has-post-thumbnail","hentry","category-actuel","category-assemblees-annuelles"],"_links":{"self":[{"href":"https:\/\/www.icomos.ch\/fr\/wp-json\/wp\/v2\/posts\/5653","targetHints":{"allow":["GET"]}}],"collection":[{"href":"https:\/\/www.icomos.ch\/fr\/wp-json\/wp\/v2\/posts"}],"about":[{"href":"https:\/\/www.icomos.ch\/fr\/wp-json\/wp\/v2\/types\/post"}],"author":[{"embeddable":true,"href":"https:\/\/www.icomos.ch\/fr\/wp-json\/wp\/v2\/users\/2"}],"replies":[{"embeddable":true,"href":"https:\/\/www.icomos.ch\/fr\/wp-json\/wp\/v2\/comments?post=5653"}],"version-history":[{"count":3,"href":"https:\/\/www.icomos.ch\/fr\/wp-json\/wp\/v2\/posts\/5653\/revisions"}],"predecessor-version":[{"id":8069,"href":"https:\/\/www.icomos.ch\/fr\/wp-json\/wp\/v2\/posts\/5653\/revisions\/8069"}],"wp:featuredmedia":[{"embeddable":true,"href":"https:\/\/www.icomos.ch\/fr\/wp-json\/wp\/v2\/media\/10386"}],"wp:attachment":[{"href":"https:\/\/www.icomos.ch\/fr\/wp-json\/wp\/v2\/media?parent=5653"}],"wp:term":[{"taxonomy":"category","embeddable":true,"href":"https:\/\/www.icomos.ch\/fr\/wp-json\/wp\/v2\/categories?post=5653"},{"taxonomy":"post_tag","embeddable":true,"href":"https:\/\/www.icomos.ch\/fr\/wp-json\/wp\/v2\/tags?post=5653"}],"curies":[{"name":"wp","href":"https:\/\/api.w.org\/{rel}","templated":true}]}}