{"id":5753,"date":"2021-10-07T08:02:04","date_gmt":"2021-10-07T08:02:04","guid":{"rendered":"https:\/\/www.icomos.ch\/?p=5753"},"modified":"2024-09-29T16:52:52","modified_gmt":"2024-09-29T16:52:52","slug":"save-the-date-icomos-suisse-assemblee-generale-2022-6-et-7-mai-2022-dans-la-region-de-zurich","status":"publish","type":"post","link":"https:\/\/www.icomos.ch\/fr\/save-the-date-icomos-suisse-assemblee-generale-2022-6-et-7-mai-2022-dans-la-region-de-zurich\/","title":{"rendered":"Save the date:  ICOMOS Suisse Assembl\u00e9e g\u00e9n\u00e9rale 2022, 6 et 7 mai 2022 dans la r\u00e9gion de Zurich"},"content":{"rendered":"\n<p>Chers membres d&#8217;ICOMOS Suisse,<\/p>\n\n\n\n<p>Nous vous informons que notre prochaine assembl\u00e9e g\u00e9n\u00e9rale 2022 aura lieu les 6 et 7 mai 2022 dans la r\u00e9gion de Zurich. Nous vous communiquerons ult\u00e9rieurement les informations n\u00e9cessaires.<\/p>\n\n\n\n<p>Nous nous r\u00e9jouissons d&#8217;ores et d\u00e9j\u00e0 de vous voir assister nombreux \u00e0 cette manifestation importante de notre association.<\/p>\n","protected":false},"excerpt":{"rendered":"<p>Chers membres d&#8217;ICOMOS Suisse, Nous vous informons que notre prochaine assembl\u00e9e g\u00e9n\u00e9rale 2022 aura lieu les 6 et 7 mai 2022 dans la r\u00e9gion de Zurich. Nous vous communiquerons ult\u00e9rieurement les informations n\u00e9cessaires. Nous nous r\u00e9jouissons d&#8217;ores et d\u00e9j\u00e0 de vous voir assister nombreux \u00e0 cette manifestation importante de notre association.<\/p>\n","protected":false},"author":2,"featured_media":0,"comment_status":"closed","ping_status":"closed","sticky":false,"template":"","format":"standard","meta":{"footnotes":""},"categories":[9],"tags":[],"class_list":["post-5753","post","type-post","status-publish","format-standard","hentry","category-actuel"],"_links":{"self":[{"href":"https:\/\/www.icomos.ch\/fr\/wp-json\/wp\/v2\/posts\/5753","targetHints":{"allow":["GET"]}}],"collection":[{"href":"https:\/\/www.icomos.ch\/fr\/wp-json\/wp\/v2\/posts"}],"about":[{"href":"https:\/\/www.icomos.ch\/fr\/wp-json\/wp\/v2\/types\/post"}],"author":[{"embeddable":true,"href":"https:\/\/www.icomos.ch\/fr\/wp-json\/wp\/v2\/users\/2"}],"replies":[{"embeddable":true,"href":"https:\/\/www.icomos.ch\/fr\/wp-json\/wp\/v2\/comments?post=5753"}],"version-history":[{"count":2,"href":"https:\/\/www.icomos.ch\/fr\/wp-json\/wp\/v2\/posts\/5753\/revisions"}],"predecessor-version":[{"id":8070,"href":"https:\/\/www.icomos.ch\/fr\/wp-json\/wp\/v2\/posts\/5753\/revisions\/8070"}],"wp:attachment":[{"href":"https:\/\/www.icomos.ch\/fr\/wp-json\/wp\/v2\/media?parent=5753"}],"wp:term":[{"taxonomy":"category","embeddable":true,"href":"https:\/\/www.icomos.ch\/fr\/wp-json\/wp\/v2\/categories?post=5753"},{"taxonomy":"post_tag","embeddable":true,"href":"https:\/\/www.icomos.ch\/fr\/wp-json\/wp\/v2\/tags?post=5753"}],"curies":[{"name":"wp","href":"https:\/\/api.w.org\/{rel}","templated":true}]}}