{"id":6230,"date":"2022-02-25T08:08:59","date_gmt":"2022-02-25T08:08:59","guid":{"rendered":"https:\/\/www.icomos.ch\/?p=6230"},"modified":"2024-09-29T16:52:10","modified_gmt":"2024-09-29T16:52:10","slug":"declaration-de-licomos-sur-lukraine","status":"publish","type":"post","link":"https:\/\/www.icomos.ch\/fr\/declaration-de-licomos-sur-lukraine\/","title":{"rendered":"D\u00e9claration de l&#8217;ICOMOS sur l&#8217;Ukraine"},"content":{"rendered":"\n<p>ICOMOS international a publi\u00e9 une d\u00e9claration sur la guerre en Ukraine le jeudi 24 f\u00e9vrier 2022.<\/p>\n\n\n\n<p><a href=\"https:\/\/www.icomos.ch\/wp-content\/uploads\/2022\/02\/2022-24.-Feb.-ICOMOS_Statement_Ukraine_EN-FR_20220224.pdf\" target=\"_blank\" rel=\"noopener noreferrer\">d\u00e9claration ICOMOS international<\/a><\/p>\n","protected":false},"excerpt":{"rendered":"<p>ICOMOS international a publi\u00e9 une d\u00e9claration sur la guerre en Ukraine le jeudi 24 f\u00e9vrier 2022. d\u00e9claration ICOMOS international<\/p>\n","protected":false},"author":2,"featured_media":0,"comment_status":"open","ping_status":"open","sticky":false,"template":"","format":"standard","meta":{"footnotes":""},"categories":[9],"tags":[],"class_list":["post-6230","post","type-post","status-publish","format-standard","hentry","category-actuel"],"_links":{"self":[{"href":"https:\/\/www.icomos.ch\/fr\/wp-json\/wp\/v2\/posts\/6230","targetHints":{"allow":["GET"]}}],"collection":[{"href":"https:\/\/www.icomos.ch\/fr\/wp-json\/wp\/v2\/posts"}],"about":[{"href":"https:\/\/www.icomos.ch\/fr\/wp-json\/wp\/v2\/types\/post"}],"author":[{"embeddable":true,"href":"https:\/\/www.icomos.ch\/fr\/wp-json\/wp\/v2\/users\/2"}],"replies":[{"embeddable":true,"href":"https:\/\/www.icomos.ch\/fr\/wp-json\/wp\/v2\/comments?post=6230"}],"version-history":[{"count":2,"href":"https:\/\/www.icomos.ch\/fr\/wp-json\/wp\/v2\/posts\/6230\/revisions"}],"predecessor-version":[{"id":8062,"href":"https:\/\/www.icomos.ch\/fr\/wp-json\/wp\/v2\/posts\/6230\/revisions\/8062"}],"wp:attachment":[{"href":"https:\/\/www.icomos.ch\/fr\/wp-json\/wp\/v2\/media?parent=6230"}],"wp:term":[{"taxonomy":"category","embeddable":true,"href":"https:\/\/www.icomos.ch\/fr\/wp-json\/wp\/v2\/categories?post=6230"},{"taxonomy":"post_tag","embeddable":true,"href":"https:\/\/www.icomos.ch\/fr\/wp-json\/wp\/v2\/tags?post=6230"}],"curies":[{"name":"wp","href":"https:\/\/api.w.org\/{rel}","templated":true}]}}