{"id":6282,"date":"2022-04-06T09:27:55","date_gmt":"2022-04-06T09:27:55","guid":{"rendered":"https:\/\/www.icomos.ch\/?p=6282"},"modified":"2024-09-29T16:51:58","modified_gmt":"2024-09-29T16:51:58","slug":"monumenta","status":"publish","type":"post","link":"https:\/\/www.icomos.ch\/fr\/monumenta\/","title":{"rendered":"MONUMENTA Volume V : Informations sur la publication et la commande"},"content":{"rendered":"\n<p>Le 6 avril 2022 para\u00eetra le cinqui\u00e8me volume de la s\u00e9rie MONUMENTA, intitul\u00e9 &#8220;Le patrimoine, base de la culture du b\u00e2ti&#8221;. Tous les membres d&#8217;ICOMOS Suisse recevront le volume directement lors de la pr\u00e9sentation du livre dans le cadre du salon professionnel <a href=\"https:\/\/www.cultura-suisse.ch\/home-f\" target=\"_blank\" rel=\"noopener noreferrer\">CULTURA SUISSE<\/a>, lors de l&#8217;assembl\u00e9e g\u00e9n\u00e9rale le 6 mai 2022 \u00e0 Zurich ou par courrier fin mai. Le volume sera \u00e9galement publi\u00e9 en format PDF. Les non-membres peuvent commander le volume aupr\u00e8s du secr\u00e9tariat de l&#8217;ICOMOS Suisse&nbsp;(CHF 25.-).<\/p>\n","protected":false},"excerpt":{"rendered":"<p>Le 6 avril 2022 para\u00eetra le cinqui\u00e8me volume de la s\u00e9rie MONUMENTA, intitul\u00e9 &#8220;Le patrimoine, base de la culture du b\u00e2ti&#8221;. Tous les membres d&#8217;ICOMOS Suisse recevront le volume directement lors de la pr\u00e9sentation du livre dans le cadre du salon professionnel CULTURA SUISSE, lors de l&#8217;assembl\u00e9e g\u00e9n\u00e9rale le 6 mai 2022 \u00e0 Zurich ou [&hellip;]<\/p>\n","protected":false},"author":2,"featured_media":0,"comment_status":"open","ping_status":"open","sticky":false,"template":"","format":"standard","meta":{"footnotes":""},"categories":[9],"tags":[],"class_list":["post-6282","post","type-post","status-publish","format-standard","hentry","category-actuel"],"_links":{"self":[{"href":"https:\/\/www.icomos.ch\/fr\/wp-json\/wp\/v2\/posts\/6282","targetHints":{"allow":["GET"]}}],"collection":[{"href":"https:\/\/www.icomos.ch\/fr\/wp-json\/wp\/v2\/posts"}],"about":[{"href":"https:\/\/www.icomos.ch\/fr\/wp-json\/wp\/v2\/types\/post"}],"author":[{"embeddable":true,"href":"https:\/\/www.icomos.ch\/fr\/wp-json\/wp\/v2\/users\/2"}],"replies":[{"embeddable":true,"href":"https:\/\/www.icomos.ch\/fr\/wp-json\/wp\/v2\/comments?post=6282"}],"version-history":[{"count":3,"href":"https:\/\/www.icomos.ch\/fr\/wp-json\/wp\/v2\/posts\/6282\/revisions"}],"predecessor-version":[{"id":8059,"href":"https:\/\/www.icomos.ch\/fr\/wp-json\/wp\/v2\/posts\/6282\/revisions\/8059"}],"wp:attachment":[{"href":"https:\/\/www.icomos.ch\/fr\/wp-json\/wp\/v2\/media?parent=6282"}],"wp:term":[{"taxonomy":"category","embeddable":true,"href":"https:\/\/www.icomos.ch\/fr\/wp-json\/wp\/v2\/categories?post=6282"},{"taxonomy":"post_tag","embeddable":true,"href":"https:\/\/www.icomos.ch\/fr\/wp-json\/wp\/v2\/tags?post=6282"}],"curies":[{"name":"wp","href":"https:\/\/api.w.org\/{rel}","templated":true}]}}