{"id":6310,"date":"2022-05-17T12:29:22","date_gmt":"2022-05-17T12:29:22","guid":{"rendered":"https:\/\/www.icomos.ch\/?p=6310"},"modified":"2024-09-29T16:51:54","modified_gmt":"2024-09-29T16:51:54","slug":"liste-des-initiatives-possibles-en-faveur-de-lukraine-2022","status":"publish","type":"post","link":"https:\/\/www.icomos.ch\/fr\/liste-des-initiatives-possibles-en-faveur-de-lukraine-2022\/","title":{"rendered":"liste des initiatives possibles en faveur de l\u2019Ukraine 2022"},"content":{"rendered":"\n<p>Chers membres d\u2019ICOMOS Suisse,<\/p>\n\n\n\n<p>Dans le cadre de l\u2019assembl\u00e9e g\u00e9n\u00e9rale annuelle qui a eu lieu \u00e0 Zurich les 6 et 7 mai 2022, nous vous avons communiqu\u00e9 que nous ferions figurer sur notre site Internet une liste des initiatives possibles en faveur de l\u2019Ukraine. Cette liste a \u00e9t\u00e9 \u00e9tablie dans le cadre d\u2019une r\u00e9union internationale en ligne, organis\u00e9e fin mars sur l\u2019initiative d\u2019Europa Nostra. Il s\u2019agit en l\u2019occurrence d\u2019une liste ouverte, destin\u00e9e \u00e0 \u00eatre modifi\u00e9e en permanence en fonction de la situation r\u00e9gnant en Ukraine. Nous souhaitons \u00e9galement vous indiquer le lien avec l\u2019initiative allemande correspondante&nbsp;: <a href=\"https:\/\/dug-ww.org\/artaid\" target=\"_blank\" rel=\"noopener noreferrer\">https:\/\/dug-ww.org\/artaid<\/a><\/p>\n\n\n\n<p>ICOMOS-Suisse recommande \u00e0 ses membres de participer \u00e0 cette d\u00e9marche l\u00e0 o\u00f9 chacune et chacun le souhaite.<\/p>\n\n\n\n<p><a href=\"https:\/\/www.icomos.ch\/wp-content\/uploads\/2022\/05\/2022-F-Liste-Hilfswerke-Ukraine-2docx.pdf\" target=\"_blank\" rel=\"noopener noreferrer\">Ici<\/a>&nbsp;vous pouvez trouver la liste des organisations d&#8217;aide pour l&#8217;Ukraine.<\/p>\n\n\n\n<p>Monica Bilfinger<\/p>\n\n\n\n<p>Secr\u00e9taire g\u00e9n\u00e9rale<br>ICOMOS Suisse<\/p>\n","protected":false},"excerpt":{"rendered":"<p>Chers membres d\u2019ICOMOS Suisse, Dans le cadre de l\u2019assembl\u00e9e g\u00e9n\u00e9rale annuelle qui a eu lieu \u00e0 Zurich les 6 et 7 mai 2022, nous vous avons communiqu\u00e9 que nous ferions figurer sur notre site Internet une liste des initiatives possibles en faveur de l\u2019Ukraine. Cette liste a \u00e9t\u00e9 \u00e9tablie dans le cadre d\u2019une r\u00e9union internationale [&hellip;]<\/p>\n","protected":false},"author":2,"featured_media":0,"comment_status":"open","ping_status":"open","sticky":false,"template":"","format":"standard","meta":{"footnotes":""},"categories":[9],"tags":[],"class_list":["post-6310","post","type-post","status-publish","format-standard","hentry","category-actuel"],"_links":{"self":[{"href":"https:\/\/www.icomos.ch\/fr\/wp-json\/wp\/v2\/posts\/6310","targetHints":{"allow":["GET"]}}],"collection":[{"href":"https:\/\/www.icomos.ch\/fr\/wp-json\/wp\/v2\/posts"}],"about":[{"href":"https:\/\/www.icomos.ch\/fr\/wp-json\/wp\/v2\/types\/post"}],"author":[{"embeddable":true,"href":"https:\/\/www.icomos.ch\/fr\/wp-json\/wp\/v2\/users\/2"}],"replies":[{"embeddable":true,"href":"https:\/\/www.icomos.ch\/fr\/wp-json\/wp\/v2\/comments?post=6310"}],"version-history":[{"count":4,"href":"https:\/\/www.icomos.ch\/fr\/wp-json\/wp\/v2\/posts\/6310\/revisions"}],"predecessor-version":[{"id":8058,"href":"https:\/\/www.icomos.ch\/fr\/wp-json\/wp\/v2\/posts\/6310\/revisions\/8058"}],"wp:attachment":[{"href":"https:\/\/www.icomos.ch\/fr\/wp-json\/wp\/v2\/media?parent=6310"}],"wp:term":[{"taxonomy":"category","embeddable":true,"href":"https:\/\/www.icomos.ch\/fr\/wp-json\/wp\/v2\/categories?post=6310"},{"taxonomy":"post_tag","embeddable":true,"href":"https:\/\/www.icomos.ch\/fr\/wp-json\/wp\/v2\/tags?post=6310"}],"curies":[{"name":"wp","href":"https:\/\/api.w.org\/{rel}","templated":true}]}}