{"id":6357,"date":"2022-07-27T14:42:08","date_gmt":"2022-07-27T14:42:08","guid":{"rendered":"https:\/\/www.icomos.ch\/?p=6357"},"modified":"2024-09-29T16:51:43","modified_gmt":"2024-09-29T16:51:43","slug":"une-mission-conjointe-icomos-iccrom-en-ukraine","status":"publish","type":"post","link":"https:\/\/www.icomos.ch\/fr\/une-mission-conjointe-icomos-iccrom-en-ukraine\/","title":{"rendered":"Une mission conjointe ICOMOS-ICCROM en Ukraine"},"content":{"rendered":"\n<p>L&#8217;ICOMOS et l&#8217;ICCROM ont entrepris une mission conjointe en Ukraine du 9 au 16 juillet 2022 afin d&#8217;apporter leur soutien aux efforts d\u00e9ploy\u00e9s par le minist\u00e8re de la Culture et de la Politique d&#8217;information de l&#8217;Ukraine, ainsi que par les organisations et les professionnels du patrimoine dans le pays, dans le cadre de la situation de conflit actuelle.<\/p>\n\n\n\n<p>Vous trouverez plus d&#8217;informations sur le flyer suivant:&nbsp;<a href=\"https:\/\/www.icomos.ch\/wp-content\/uploads\/2022\/07\/Ukraine_ICOMOS_ICCROM_Mission_PR_for_release_20220726_final_FR.pdf\" target=\"_blank\" rel=\"noopener noreferrer\">Flyer<\/a><\/p>\n","protected":false},"excerpt":{"rendered":"<p>L&#8217;ICOMOS et l&#8217;ICCROM ont entrepris une mission conjointe en Ukraine du 9 au 16 juillet 2022 afin d&#8217;apporter leur soutien aux efforts d\u00e9ploy\u00e9s par le minist\u00e8re de la Culture et de la Politique d&#8217;information de l&#8217;Ukraine, ainsi que par les organisations et les professionnels du patrimoine dans le pays, dans le cadre de la situation [&hellip;]<\/p>\n","protected":false},"author":2,"featured_media":0,"comment_status":"open","ping_status":"open","sticky":false,"template":"","format":"standard","meta":{"footnotes":""},"categories":[9],"tags":[],"class_list":["post-6357","post","type-post","status-publish","format-standard","hentry","category-actuel"],"_links":{"self":[{"href":"https:\/\/www.icomos.ch\/fr\/wp-json\/wp\/v2\/posts\/6357","targetHints":{"allow":["GET"]}}],"collection":[{"href":"https:\/\/www.icomos.ch\/fr\/wp-json\/wp\/v2\/posts"}],"about":[{"href":"https:\/\/www.icomos.ch\/fr\/wp-json\/wp\/v2\/types\/post"}],"author":[{"embeddable":true,"href":"https:\/\/www.icomos.ch\/fr\/wp-json\/wp\/v2\/users\/2"}],"replies":[{"embeddable":true,"href":"https:\/\/www.icomos.ch\/fr\/wp-json\/wp\/v2\/comments?post=6357"}],"version-history":[{"count":2,"href":"https:\/\/www.icomos.ch\/fr\/wp-json\/wp\/v2\/posts\/6357\/revisions"}],"predecessor-version":[{"id":8056,"href":"https:\/\/www.icomos.ch\/fr\/wp-json\/wp\/v2\/posts\/6357\/revisions\/8056"}],"wp:attachment":[{"href":"https:\/\/www.icomos.ch\/fr\/wp-json\/wp\/v2\/media?parent=6357"}],"wp:term":[{"taxonomy":"category","embeddable":true,"href":"https:\/\/www.icomos.ch\/fr\/wp-json\/wp\/v2\/categories?post=6357"},{"taxonomy":"post_tag","embeddable":true,"href":"https:\/\/www.icomos.ch\/fr\/wp-json\/wp\/v2\/tags?post=6357"}],"curies":[{"name":"wp","href":"https:\/\/api.w.org\/{rel}","templated":true}]}}