{"id":6368,"date":"2022-07-29T13:05:06","date_gmt":"2022-07-29T13:05:06","guid":{"rendered":"https:\/\/www.icomos.ch\/?p=6368"},"modified":"2024-09-29T16:51:40","modified_gmt":"2024-09-29T16:51:40","slug":"la-lettre-du-secretariat-international-juillet-2022","status":"publish","type":"post","link":"https:\/\/www.icomos.ch\/fr\/la-lettre-du-secretariat-international-juillet-2022\/","title":{"rendered":"La lettre du Secr\u00e9tariat International  &#8211; Juillet 2022"},"content":{"rendered":"\n<p>Chers Pr\u00e9sidents,<\/p>\n\n\n\n<p>C\u2019est un plaisir pour moi de vous retrouver comme chaque ann\u00e9e en juillet pour vous tenir inform\u00e9s des activit\u00e9s r\u00e9centes du Secr\u00e9tariat International, et vous remercier de votre soutien fid\u00e8le, qui les rend possible.<\/p>\n\n\n\n<p>Voici pour commencer un aper\u00e7u &#8211; non exhaustif &#8211; des sujets qui nous ont mobilis\u00e9s ces derniers mois, dans notre travail d\u2019appui aux Comit\u00e9s (nationaux ou scientifiques) et Groupes de travail&nbsp;:<\/p>\n\n\n\n<p>-Coordination de la participation de l\u2019ICOMOS \u00e0 la 11<sup>\u00e8me<\/sup> session du World Urban Forum de ONU-Habitat \u00e0 Katowice en juin ;<br>-Publication d\u2019une d\u00e9claration conjointe ICOMOS, ICOM, E.C.C.O, ICOMOS-Corpus Vitrearum et ICOM-Glass exhortant la Commission europ\u00e9enne \u00e0 ne pas interdire l&#8217;utilisation du plomb dans la fabrication, la conservation et la restauration des vitraux et autres biens culturels ;<br>-Publication, en lien respectivement avec ICOMOS Japon et ICOMOS Liban, de deux Alertes patrimoine, l\u2019une concernant le remblai de la voie ferr\u00e9e maritime de Takanawa Chikutei et l\u2019autre les silos \u00e0 grain du port de Beyrouth ;<br>-Coordination de la participation de l\u2019ICOMOS \u00e0 la seconde conf\u00e9rence des Nations Unies sur l\u2019oc\u00e9an qui s\u2019est tenue \u00e0 Lisbonne en juin dernier. Une d\u00e9claration de l\u2019ICOMOS a \u00e9t\u00e9 publi\u00e9e \u00e0 cette occasion, \u00e0 l\u2019initiative de notre Comit\u00e9 scientifique sur le patrimoine subaquatique, avec le soutien de notre Comit\u00e9 scientifique sur l\u2019eau et le patrimoine et notre Groupe de travail sur le d\u00e9veloppement durable&nbsp;;<br>-Enfin, j\u2019attire votre attention sur le travail de revitalisation du Comit\u00e9 scientifique sur les peintures murales men\u00e9 sous le contr\u00f4le du Conseil consultatif. Un appel \u00e0 int\u00e9r\u00eat vient d\u2019\u00eatre lanc\u00e9, n\u2019h\u00e9sitez pas \u00e0 le relayer aupr\u00e8s de vos membres et coll\u00e8gues.<\/p>\n\n\n\n<p>Un autre axe important de notre travail, est comme vous le savez, le d\u00e9veloppement de notre pr\u00e9sence et de notre r\u00e9seau sur le continent africain. A ce titre, nous avons \u00e9t\u00e9 particuli\u00e8rement actifs en ce d\u00e9but 2022&nbsp;:<\/p>\n\n\n\n<p>-D\u2019abord avec la cr\u00e9ation &#8211; en cours &#8211; de deux nouveaux Comit\u00e9s nationaux, l\u2019un en Zambie et l\u2019autre en Ethiopie, suite \u00e0 l\u2019approbation de leurs statuts par le Conseil d\u2019administration en juin. La cr\u00e9ation de trois autres Comit\u00e9s africains, au Tchad, Cameroun et Burkina Faso est \u00e9galement bien avanc\u00e9e.<br>-Ensuite avec l\u2019organisation, en R\u00e9publique d\u00e9mocratique du Congo, d\u2019un atelier de renforcement des capacit\u00e9s en mati\u00e8re d\u2019inventaires de biens culturels pour 29 professionnels. Cet atelier s\u2019est tenu en mars avec le soutien financier de <a href=\"https:\/\/www.aliph-foundation.org\/\">l\u2019Alliance internationale pour la <\/a>protection du patrimoine dans les zones en conflit (ALIPH)<br>-Je voudrais \u00e9galement attirer votre attention sur le projet CVI Africa, dont les r\u00e9sultats sont d\u00e9sormais accessibles. Ce projet, auquel ICOMOS a \u00e9t\u00e9 associ\u00e9 de pr\u00e8s, notamment \u00e0 travers Will Megarry, point focal de notre Groupe de travail sur l\u2019action climatique, \u00e9tait ax\u00e9 sur le renforcement des capacit\u00e9s et l&#8217;\u00e9valuation de la vuln\u00e9rabilit\u00e9 climatique des biens africains du patrimoine mondial de l&#8217;UNESCO&nbsp;;<br>-Pour clore ce point africain, je voudrais enfin mentionner rapidement la r\u00e9union organis\u00e9e tr\u00e8s aimablement par l\u2019Ambassadeur d\u2019Afrique du Sud aupr\u00e8s de l\u2019UNESCO afin de permettre \u00e0 notre Pr\u00e9sidente Teresa Patricio et moi-m\u00eame de mieux expliquer \u00e0 ses coll\u00e8gues ambassadeurs d\u2019autres pays africains membres de l\u2019UNESCO, le fonctionnement et le r\u00f4le de l\u2019ICOMOS. Nous avions pu bien pr\u00e9parer cette pr\u00e9sentation gr\u00e2ce \u00e0 une r\u00e9union interne en ligne &#8211; avec tous les membres africains de l\u2019ICOMOS qui s\u2019\u00e9taient rendus disponibles \u2013 qui s\u2019\u00e9tait av\u00e9r\u00e9e tr\u00e8s instructive et utile. Je remercie ici encore nos coll\u00e8gues africains.<\/p>\n\n\n\n<p>Je ne pourrais \u00e9videmment pas terminer cette lettre sans \u00e9voquer le travail de notre \u00e9quipe en faveur de l\u2019Ukraine et de notre Comit\u00e9 ukrainien. Mes coll\u00e8gues &#8211; et je tiens aussi \u00e0 remercier ici tout sp\u00e9cialement Gaia Jungeblodt et Jessica Khan &#8211; ont en effet travaill\u00e9 avec une in\u00e9puisable \u00e9nergie pour&nbsp;:<\/p>\n\n\n\n<p>-Se procurer et livrer en Ukraine plus de 400 extincteurs destin\u00e9s \u00e0 la protection d\u2019\u00e9glises historiques en bois (tserkvas). Cette action a \u00e9t\u00e9 men\u00e9e en partenariat avec la Fondation pour la pr\u00e9servation des arts sacr\u00e9s d&#8217;Ukraine et le World Monuments Fund.<br>-Participer \u00e0 l\u2019organisation de la mission en Ukraine du Dr Patricio et de la Vice-pr\u00e9sidente Zeynep G\u00fcl \u00dcnal. Cette mission conjointe ICOMOS-ICCROM, organis\u00e9e \u00e0 l&#8217;invitation du minist\u00e8re ukrainien de la Culture et de la Politique d&#8217;information pour permettre de rencontrer des membres du minist\u00e8re et des acteurs locaux du patrimoine ainsi que de visiter des sites du patrimoine culturel endommag\u00e9s ou menac\u00e9s par le conflit, s\u2019est d\u00e9roul\u00e9e du 9 au 16 juillet dernier.<\/p>\n\n\n\n<p>J\u2019ai le plaisir enfin de vous informer que nous avons recrut\u00e9 en mai dernier Bertrand Bellet (<a href=\"mailto:documentation@icomos.org\">documentation@icomos.org<\/a>), notre nouveau Documentaliste\/Archiviste, dont la mission principale au cours des 18 mois \u00e0 venir sera de nous aider \u00e0 mettre en place une strat\u00e9gie de plus grande visibilit\u00e9 et d\u2019accessibilit\u00e9 digitales de nos publications scientifiques.<\/p>\n\n\n\n<p>Dans l\u2019attente de vous rencontrer prochainement, nombreux je l\u2019esp\u00e8re, \u00e0 Bangkok,<\/p>\n\n\n\n<p>Et en vous assurant, comme toujours, de la fid\u00e9lit\u00e9 du Secr\u00e9tariat International, et de son plaisir \u00e0 travailler avec et pour vous,<\/p>\n\n\n\n<p>Marie-Laure Lavenir,<br>Directrice G\u00e9n\u00e9rale<\/p>\n","protected":false},"excerpt":{"rendered":"<p>Chers Pr\u00e9sidents, C\u2019est un plaisir pour moi de vous retrouver comme chaque ann\u00e9e en juillet pour vous tenir inform\u00e9s des activit\u00e9s r\u00e9centes du Secr\u00e9tariat International, et vous remercier de votre soutien fid\u00e8le, qui les rend possible. Voici pour commencer un aper\u00e7u &#8211; non exhaustif &#8211; des sujets qui nous ont mobilis\u00e9s ces derniers mois, dans [&hellip;]<\/p>\n","protected":false},"author":2,"featured_media":0,"comment_status":"open","ping_status":"open","sticky":false,"template":"","format":"standard","meta":{"footnotes":""},"categories":[9],"tags":[],"class_list":["post-6368","post","type-post","status-publish","format-standard","hentry","category-actuel"],"_links":{"self":[{"href":"https:\/\/www.icomos.ch\/fr\/wp-json\/wp\/v2\/posts\/6368","targetHints":{"allow":["GET"]}}],"collection":[{"href":"https:\/\/www.icomos.ch\/fr\/wp-json\/wp\/v2\/posts"}],"about":[{"href":"https:\/\/www.icomos.ch\/fr\/wp-json\/wp\/v2\/types\/post"}],"author":[{"embeddable":true,"href":"https:\/\/www.icomos.ch\/fr\/wp-json\/wp\/v2\/users\/2"}],"replies":[{"embeddable":true,"href":"https:\/\/www.icomos.ch\/fr\/wp-json\/wp\/v2\/comments?post=6368"}],"version-history":[{"count":3,"href":"https:\/\/www.icomos.ch\/fr\/wp-json\/wp\/v2\/posts\/6368\/revisions"}],"predecessor-version":[{"id":8055,"href":"https:\/\/www.icomos.ch\/fr\/wp-json\/wp\/v2\/posts\/6368\/revisions\/8055"}],"wp:attachment":[{"href":"https:\/\/www.icomos.ch\/fr\/wp-json\/wp\/v2\/media?parent=6368"}],"wp:term":[{"taxonomy":"category","embeddable":true,"href":"https:\/\/www.icomos.ch\/fr\/wp-json\/wp\/v2\/categories?post=6368"},{"taxonomy":"post_tag","embeddable":true,"href":"https:\/\/www.icomos.ch\/fr\/wp-json\/wp\/v2\/tags?post=6368"}],"curies":[{"name":"wp","href":"https:\/\/api.w.org\/{rel}","templated":true}]}}