{"id":7342,"date":"2023-11-21T10:40:21","date_gmt":"2023-11-21T10:40:21","guid":{"rendered":"https:\/\/www.icomos.ch\/?p=7342"},"modified":"2025-11-18T06:19:09","modified_gmt":"2025-11-18T06:19:09","slug":"appel","status":"publish","type":"post","link":"https:\/\/www.icomos.ch\/fr\/appel\/","title":{"rendered":"Appel"},"content":{"rendered":"\n<p>La semaine derni\u00e8re, l&#8217;ICOMOS a \u00e9t\u00e9 t\u00e9moin avec horreur et d\u00e9sespoir des attaques innommables, des pertes de vies et des souffrances inflig\u00e9es aux civils isra\u00e9liens et palestiniens &#8211; qui paient une fois de plus un lourd tribut dans ce conflit, y compris parmi nos propres membres ICOMOS et leurs familles. Nous exprimons nos plus sinc\u00e8res condol\u00e9ances et notre solidarit\u00e9 \u00e0 tous ceux qui ont perdu ou qui attendent des nouvelles de leurs proches port\u00e9s disparus.<\/p>\n\n\n\n<p>\u00c0 la lumi\u00e8re de la situation \u00e0 Gaza et des r\u00e9percussions croissantes dans la r\u00e9gion, nous rappelons \u00e0 toutes les parties impliqu\u00e9es dans le conflit et \u00e0 tous ceux qui ont une influence sur elles que cette r\u00e9gion abrite nombre des sites les plus pr\u00e9cieux et plus sacr\u00e9s de l&#8217;humanit\u00e9, ainsi que des institutions et professionnels qui en prennent soin et les \u00e9tudient. Ce patrimoine culturel irrempla\u00e7able est d&#8217;une importance vitale pour toutes les communaut\u00e9s vivantes qui y sont li\u00e9es. En droit humanitaire international, le respect et la sauvegarde du patrimoine culturel ne constituent pas une option et la destruction intentionnelle du patrimoine culturel constitue un crime de guerre.<\/p>\n\n\n\n<p>Face \u00e0 cette trag\u00e9die en constante \u00e9volution, nous lan\u00e7ons un appel urgent au respect du droit international humanitaire et \u00e0 la protection et \u00e0 la s\u00e9curit\u00e9 des civils, au nom de notre humanit\u00e9 commune.<\/p>\n\n\n\n<p>Teresa Patricio, pr\u00e9sidente ICOMOS<\/p>\n","protected":false},"excerpt":{"rendered":"<p>La semaine derni\u00e8re, l&#8217;ICOMOS a \u00e9t\u00e9 t\u00e9moin avec horreur et d\u00e9sespoir des attaques innommables, des pertes de vies et des souffrances inflig\u00e9es aux civils isra\u00e9liens et palestiniens &#8211; qui paient une fois de plus un lourd tribut dans ce conflit, y compris parmi nos propres membres ICOMOS et leurs familles. Nous exprimons nos plus sinc\u00e8res [&hellip;]<\/p>\n","protected":false},"author":2,"featured_media":0,"comment_status":"closed","ping_status":"closed","sticky":false,"template":"","format":"standard","meta":{"footnotes":""},"categories":[9],"tags":[],"class_list":["post-7342","post","type-post","status-publish","format-standard","hentry","category-actuel"],"_links":{"self":[{"href":"https:\/\/www.icomos.ch\/fr\/wp-json\/wp\/v2\/posts\/7342","targetHints":{"allow":["GET"]}}],"collection":[{"href":"https:\/\/www.icomos.ch\/fr\/wp-json\/wp\/v2\/posts"}],"about":[{"href":"https:\/\/www.icomos.ch\/fr\/wp-json\/wp\/v2\/types\/post"}],"author":[{"embeddable":true,"href":"https:\/\/www.icomos.ch\/fr\/wp-json\/wp\/v2\/users\/2"}],"replies":[{"embeddable":true,"href":"https:\/\/www.icomos.ch\/fr\/wp-json\/wp\/v2\/comments?post=7342"}],"version-history":[{"count":2,"href":"https:\/\/www.icomos.ch\/fr\/wp-json\/wp\/v2\/posts\/7342\/revisions"}],"predecessor-version":[{"id":8085,"href":"https:\/\/www.icomos.ch\/fr\/wp-json\/wp\/v2\/posts\/7342\/revisions\/8085"}],"wp:attachment":[{"href":"https:\/\/www.icomos.ch\/fr\/wp-json\/wp\/v2\/media?parent=7342"}],"wp:term":[{"taxonomy":"category","embeddable":true,"href":"https:\/\/www.icomos.ch\/fr\/wp-json\/wp\/v2\/categories?post=7342"},{"taxonomy":"post_tag","embeddable":true,"href":"https:\/\/www.icomos.ch\/fr\/wp-json\/wp\/v2\/tags?post=7342"}],"curies":[{"name":"wp","href":"https:\/\/api.w.org\/{rel}","templated":true}]}}