{"id":7346,"date":"2023-11-28T09:12:40","date_gmt":"2023-11-28T09:12:40","guid":{"rendered":"https:\/\/www.icomos.ch\/?p=7346"},"modified":"2024-09-29T16:58:58","modified_gmt":"2024-09-29T16:58:58","slug":"save-the-date-icomos-suisse-assemblee-generale-2024-3-et-4-mai-2024-dans-le-canton-du-appenzellois","status":"publish","type":"post","link":"https:\/\/www.icomos.ch\/fr\/save-the-date-icomos-suisse-assemblee-generale-2024-3-et-4-mai-2024-dans-le-canton-du-appenzellois\/","title":{"rendered":"Save the date: ICOMOS Suisse Assembl\u00e9e g\u00e9n\u00e9rale 2024, 3 et 4 mai 2024 en Appenzell"},"content":{"rendered":"\n<p>Chers membres d\u2019ICOMOS Suisse,<\/p>\n\n\n\n<p>Nous vous informons que notre prochaine assembl\u00e9e g\u00e9n\u00e9rale 2024 aura lieu les 3 et 4 mai 2024 dans le canton du Appenzellois. Nous vous communiquerons ult\u00e9rieurement les informations n\u00e9cessaires.<\/p>\n\n\n\n<p>Nous nous r\u00e9jouissons d\u2019ores et d\u00e9j\u00e0 de vous voir assister nombreux \u00e0 cette manifestation importante de notre association.<\/p>\n","protected":false},"excerpt":{"rendered":"<p>Chers membres d\u2019ICOMOS Suisse, Nous vous informons que notre prochaine assembl\u00e9e g\u00e9n\u00e9rale 2024 aura lieu les 3 et 4 mai 2024 dans le canton du Appenzellois. Nous vous communiquerons ult\u00e9rieurement les informations n\u00e9cessaires. Nous nous r\u00e9jouissons d\u2019ores et d\u00e9j\u00e0 de vous voir assister nombreux \u00e0 cette manifestation importante de notre association.<\/p>\n","protected":false},"author":2,"featured_media":0,"comment_status":"closed","ping_status":"closed","sticky":false,"template":"","format":"standard","meta":{"footnotes":""},"categories":[9],"tags":[],"class_list":["post-7346","post","type-post","status-publish","format-standard","hentry","category-actuel"],"_links":{"self":[{"href":"https:\/\/www.icomos.ch\/fr\/wp-json\/wp\/v2\/posts\/7346","targetHints":{"allow":["GET"]}}],"collection":[{"href":"https:\/\/www.icomos.ch\/fr\/wp-json\/wp\/v2\/posts"}],"about":[{"href":"https:\/\/www.icomos.ch\/fr\/wp-json\/wp\/v2\/types\/post"}],"author":[{"embeddable":true,"href":"https:\/\/www.icomos.ch\/fr\/wp-json\/wp\/v2\/users\/2"}],"replies":[{"embeddable":true,"href":"https:\/\/www.icomos.ch\/fr\/wp-json\/wp\/v2\/comments?post=7346"}],"version-history":[{"count":3,"href":"https:\/\/www.icomos.ch\/fr\/wp-json\/wp\/v2\/posts\/7346\/revisions"}],"predecessor-version":[{"id":8084,"href":"https:\/\/www.icomos.ch\/fr\/wp-json\/wp\/v2\/posts\/7346\/revisions\/8084"}],"wp:attachment":[{"href":"https:\/\/www.icomos.ch\/fr\/wp-json\/wp\/v2\/media?parent=7346"}],"wp:term":[{"taxonomy":"category","embeddable":true,"href":"https:\/\/www.icomos.ch\/fr\/wp-json\/wp\/v2\/categories?post=7346"},{"taxonomy":"post_tag","embeddable":true,"href":"https:\/\/www.icomos.ch\/fr\/wp-json\/wp\/v2\/tags?post=7346"}],"curies":[{"name":"wp","href":"https:\/\/api.w.org\/{rel}","templated":true}]}}