{"id":7368,"date":"2023-12-12T14:02:39","date_gmt":"2023-12-12T14:02:39","guid":{"rendered":"https:\/\/www.icomos.ch\/?p=7368"},"modified":"2025-11-18T06:14:45","modified_gmt":"2025-11-18T06:14:45","slug":"appel-a-candidatures-pour-les-prix-hotel-historique-restaurant-historique-de-lannee-2025","status":"publish","type":"post","link":"https:\/\/www.icomos.ch\/fr\/appel-a-candidatures-pour-les-prix-hotel-historique-restaurant-historique-de-lannee-2025\/","title":{"rendered":"Appel \u00e0 candidatures pour les prix \u00abH\u00f4tel historique \/ Restaurant historique de l\u2019ann\u00e9e 2025\u00bb"},"content":{"rendered":"\n<p>Pour la 29e ann\u00e9e cons\u00e9cutive, le jury d\u2019ICOMOS Suisse d\u00e9cernera la distinction l\u2019\u00abH\u00f4tel historique de l\u2019ann\u00e9e\u00bb et\/ou le \u00abRestaurant historique de l\u2019ann\u00e9e\u00bb \u00e0 des \u00e9tablissements qui auront d\u00e9montr\u00e9 une sensibilit\u00e9 particuli\u00e8re pour la valorisation du patrimoine b\u00e2ti dans la poursuite de leurs objectifs d\u2019entreprise.<\/p>\n\n\n\n<p>Les propri\u00e9taires ou g\u00e9rant.e.s d\u2019h\u00f4tels et de restaurants historiques ou d\u2019h\u00f4tels et de restaurants am\u00e9nag\u00e9s dans des b\u00e2timents historiques de Suisse sont invit\u00e9s \u00e0 d\u00e9poser leur candidature d\u2019ici le 29 f\u00e9vrier 2024.<\/p>\n\n\n\n<p><a href=\"https:\/\/www.icomos.ch\/wp-content\/uploads\/ICOMOS-Suisse-Soumission_HHR-2025_F-publ-final.pdf\" target=\"_blank\" rel=\"noopener noreferrer\">Soumission<br><\/a><a href=\"https:\/\/www.icomos.ch\/wp-content\/uploads\/ICOMOS-Suisse-Soumission_HHR-2025_F-formul-publ-final.pdf\" target=\"_blank\" rel=\"noopener noreferrer\">Formulaire<\/a><\/p>\n","protected":false},"excerpt":{"rendered":"<p>Pour la 29e ann\u00e9e cons\u00e9cutive, le jury d\u2019ICOMOS Suisse d\u00e9cernera la distinction l\u2019\u00abH\u00f4tel historique de l\u2019ann\u00e9e\u00bb et\/ou le \u00abRestaurant historique de l\u2019ann\u00e9e\u00bb \u00e0 des \u00e9tablissements qui auront d\u00e9montr\u00e9 une sensibilit\u00e9 particuli\u00e8re pour la valorisation du patrimoine b\u00e2ti dans la poursuite de leurs objectifs d\u2019entreprise. Les propri\u00e9taires ou g\u00e9rant.e.s d\u2019h\u00f4tels et de restaurants historiques ou d\u2019h\u00f4tels [&hellip;]<\/p>\n","protected":false},"author":2,"featured_media":0,"comment_status":"closed","ping_status":"closed","sticky":false,"template":"","format":"standard","meta":{"footnotes":""},"categories":[27],"tags":[],"class_list":["post-7368","post","type-post","status-publish","format-standard","hentry","category-appels-doffres"],"_links":{"self":[{"href":"https:\/\/www.icomos.ch\/fr\/wp-json\/wp\/v2\/posts\/7368","targetHints":{"allow":["GET"]}}],"collection":[{"href":"https:\/\/www.icomos.ch\/fr\/wp-json\/wp\/v2\/posts"}],"about":[{"href":"https:\/\/www.icomos.ch\/fr\/wp-json\/wp\/v2\/types\/post"}],"author":[{"embeddable":true,"href":"https:\/\/www.icomos.ch\/fr\/wp-json\/wp\/v2\/users\/2"}],"replies":[{"embeddable":true,"href":"https:\/\/www.icomos.ch\/fr\/wp-json\/wp\/v2\/comments?post=7368"}],"version-history":[{"count":3,"href":"https:\/\/www.icomos.ch\/fr\/wp-json\/wp\/v2\/posts\/7368\/revisions"}],"predecessor-version":[{"id":8083,"href":"https:\/\/www.icomos.ch\/fr\/wp-json\/wp\/v2\/posts\/7368\/revisions\/8083"}],"wp:attachment":[{"href":"https:\/\/www.icomos.ch\/fr\/wp-json\/wp\/v2\/media?parent=7368"}],"wp:term":[{"taxonomy":"category","embeddable":true,"href":"https:\/\/www.icomos.ch\/fr\/wp-json\/wp\/v2\/categories?post=7368"},{"taxonomy":"post_tag","embeddable":true,"href":"https:\/\/www.icomos.ch\/fr\/wp-json\/wp\/v2\/tags?post=7368"}],"curies":[{"name":"wp","href":"https:\/\/api.w.org\/{rel}","templated":true}]}}