{"id":8617,"date":"2024-11-01T15:09:00","date_gmt":"2024-11-01T15:09:00","guid":{"rendered":"https:\/\/www.icomos.ch\/?p=8617"},"modified":"2025-11-16T16:42:03","modified_gmt":"2025-11-16T16:42:03","slug":"call-for-papers-un-avenir-pour-le-passe-de-qui","status":"publish","type":"post","link":"https:\/\/www.icomos.ch\/fr\/call-for-papers-un-avenir-pour-le-passe-de-qui\/","title":{"rendered":"Call for Papers &#8211; Un avenir pour le pass\u00e9 de qui?"},"content":{"rendered":"\n<p>Le patrimoine des minorit\u00e9s, des groupes marginaux et des personnes sans lobby<br>Congr\u00e8s international et interdisciplinaire sur le Monte Verit\u00e0, Ascona, Suisse<br>22 au 24 octobre 2025<\/p>\n\n\n\n<p>Les int\u00e9ress\u00e9s peuvent soumettre un r\u00e9sum\u00e9 (une page\/500 mots maximum) avec un court CV avant le<br>15 d\u00e9cembre 2024.<\/p>\n\n\n\n<p><a href=\"https:\/\/www.icomos.ch\/wp-content\/uploads\/a-future-for-whose-past_2025_call-for-papers_fr.pdf\">a future for whose past_2025_call for papers_fr<\/a><\/p>\n\n\n\n<figure class=\"wp-block-image alignleft\"><a href=\"https:\/\/www.icomos.ch\/wp-content\/uploads\/Plakat_Tagung_Ascona.jpg\"><img decoding=\"async\" src=\"https:\/\/www.icomos.ch\/wp-content\/uploads\/Plakat_Tagung_Ascona-320x320.jpg\" alt=\"\" class=\"wp-image-7925\"\/><\/a><\/figure>\n\n\n\n<p><\/p>\n","protected":false},"excerpt":{"rendered":"<p>Le patrimoine des minorit\u00e9s, des groupes marginaux et des personnes sans lobbyCongr\u00e8s international et interdisciplinaire sur le Monte Verit\u00e0, Ascona, Suisse22 au 24 octobre 2025 Les int\u00e9ress\u00e9s peuvent soumettre un r\u00e9sum\u00e9 (une page\/500 mots maximum) avec un court CV avant le15 d\u00e9cembre 2024. a future for whose past_2025_call for papers_fr<\/p>\n","protected":false},"author":1,"featured_media":0,"comment_status":"closed","ping_status":"closed","sticky":false,"template":"","format":"standard","meta":{"footnotes":""},"categories":[27],"tags":[],"class_list":["post-8617","post","type-post","status-publish","format-standard","hentry","category-appels-doffres"],"_links":{"self":[{"href":"https:\/\/www.icomos.ch\/fr\/wp-json\/wp\/v2\/posts\/8617","targetHints":{"allow":["GET"]}}],"collection":[{"href":"https:\/\/www.icomos.ch\/fr\/wp-json\/wp\/v2\/posts"}],"about":[{"href":"https:\/\/www.icomos.ch\/fr\/wp-json\/wp\/v2\/types\/post"}],"author":[{"embeddable":true,"href":"https:\/\/www.icomos.ch\/fr\/wp-json\/wp\/v2\/users\/1"}],"replies":[{"embeddable":true,"href":"https:\/\/www.icomos.ch\/fr\/wp-json\/wp\/v2\/comments?post=8617"}],"version-history":[{"count":4,"href":"https:\/\/www.icomos.ch\/fr\/wp-json\/wp\/v2\/posts\/8617\/revisions"}],"predecessor-version":[{"id":10045,"href":"https:\/\/www.icomos.ch\/fr\/wp-json\/wp\/v2\/posts\/8617\/revisions\/10045"}],"wp:attachment":[{"href":"https:\/\/www.icomos.ch\/fr\/wp-json\/wp\/v2\/media?parent=8617"}],"wp:term":[{"taxonomy":"category","embeddable":true,"href":"https:\/\/www.icomos.ch\/fr\/wp-json\/wp\/v2\/categories?post=8617"},{"taxonomy":"post_tag","embeddable":true,"href":"https:\/\/www.icomos.ch\/fr\/wp-json\/wp\/v2\/tags?post=8617"}],"curies":[{"name":"wp","href":"https:\/\/api.w.org\/{rel}","templated":true}]}}