{"id":9190,"date":"2025-07-14T15:22:28","date_gmt":"2025-07-14T15:22:28","guid":{"rendered":"https:\/\/www.icomos.ch\/?p=9190"},"modified":"2025-11-16T12:11:56","modified_gmt":"2025-11-16T12:11:56","slug":"inscriptions-a-la-conference-a-future-for-whose-past","status":"publish","type":"post","link":"https:\/\/www.icomos.ch\/fr\/inscriptions-a-la-conference-a-future-for-whose-past\/","title":{"rendered":"INSCRIPTIONS A LA CONFERENCE &#8220;A future for whose past?&#8221;"},"content":{"rendered":"\n<p>L&#8217;inscription pour la conf\u00e9rence \u00ab A Future for Whose Past ? L&#8217;h\u00e9ritage des minorit\u00e9s, des groupes marginalis\u00e9s et des personnes sans lobby \u00bb, organis\u00e9e par l&#8217;ETH Zurich, l&#8217;EPFL, ICOMOS Suisse et le R\u00e9seau suisse pour le patrimoine culturel est ouvert.<\/p>\n\n\n\n<figure class=\"wp-block-embed is-type-wp-embed is-provider-denkmalschutzjahr-2025 wp-block-embed-denkmalschutzjahr-2025\"><div class=\"wp-block-embed__wrapper\">\nhttps:\/\/www.denkmalschutzjahr2025.ethz.ch\/fr\/conference\n<\/div><\/figure>\n\n\n\n<p>La conf\u00e9rence se tiendra du 21 au 24 octobre 2025 au Monte Verit\u00e0, pr\u00e8s d&#8217;Ascona (TI). Elle s&#8217;adresse aux sp\u00e9cialistes de la conservation des monuments historiques et du patrimoine b\u00e2ti, des \u00e9tudes patrimoniales, de l&#8217;anthropologie sociale, des sciences historiques et sociales, de l&#8217;histoire de l&#8217;architecture et de l&#8217;art, aux repr\u00e9sentants des minorit\u00e9s, des groupes marginalis\u00e9s et des personnes sans lobby, ainsi qu&#8217;aux personnes actives dans le domaine de l\u2019int\u00e9gration. La conf\u00e9rence comprendra divers ateliers, expos\u00e9s et pr\u00e9sentations de posters, ainsi qu&#8217;une manifestation officielle avec une table ronde qui abordernt le th\u00e8me du congr\u00e8s sous diff\u00e9rents angles.<\/p>\n","protected":false},"excerpt":{"rendered":"<p>L&#8217;inscription pour la conf\u00e9rence \u00ab A Future for Whose Past ? L&#8217;h\u00e9ritage des minorit\u00e9s, des groupes marginalis\u00e9s et des personnes sans lobby \u00bb, organis\u00e9e par l&#8217;ETH Zurich, l&#8217;EPFL, ICOMOS Suisse et le R\u00e9seau suisse pour le patrimoine culturel est ouvert. La conf\u00e9rence se tiendra du 21 au 24 octobre 2025 au Monte Verit\u00e0, pr\u00e8s d&#8217;Ascona [&hellip;]<\/p>\n","protected":false},"author":2,"featured_media":0,"comment_status":"closed","ping_status":"closed","sticky":false,"template":"","format":"standard","meta":{"footnotes":""},"categories":[65],"tags":[],"class_list":["post-9190","post","type-post","status-publish","format-standard","hentry","category-evenements-anterieurs"],"_links":{"self":[{"href":"https:\/\/www.icomos.ch\/fr\/wp-json\/wp\/v2\/posts\/9190","targetHints":{"allow":["GET"]}}],"collection":[{"href":"https:\/\/www.icomos.ch\/fr\/wp-json\/wp\/v2\/posts"}],"about":[{"href":"https:\/\/www.icomos.ch\/fr\/wp-json\/wp\/v2\/types\/post"}],"author":[{"embeddable":true,"href":"https:\/\/www.icomos.ch\/fr\/wp-json\/wp\/v2\/users\/2"}],"replies":[{"embeddable":true,"href":"https:\/\/www.icomos.ch\/fr\/wp-json\/wp\/v2\/comments?post=9190"}],"version-history":[{"count":2,"href":"https:\/\/www.icomos.ch\/fr\/wp-json\/wp\/v2\/posts\/9190\/revisions"}],"predecessor-version":[{"id":10035,"href":"https:\/\/www.icomos.ch\/fr\/wp-json\/wp\/v2\/posts\/9190\/revisions\/10035"}],"wp:attachment":[{"href":"https:\/\/www.icomos.ch\/fr\/wp-json\/wp\/v2\/media?parent=9190"}],"wp:term":[{"taxonomy":"category","embeddable":true,"href":"https:\/\/www.icomos.ch\/fr\/wp-json\/wp\/v2\/categories?post=9190"},{"taxonomy":"post_tag","embeddable":true,"href":"https:\/\/www.icomos.ch\/fr\/wp-json\/wp\/v2\/tags?post=9190"}],"curies":[{"name":"wp","href":"https:\/\/api.w.org\/{rel}","templated":true}]}}