{"id":9205,"date":"2025-07-02T16:14:04","date_gmt":"2025-07-02T16:14:04","guid":{"rendered":"https:\/\/www.icomos.ch\/?p=9205"},"modified":"2025-11-16T14:29:52","modified_gmt":"2025-11-16T14:29:52","slug":"europa-nostra-awards-2026","status":"publish","type":"post","link":"https:\/\/www.icomos.ch\/it\/europa-nostra-awards-2026\/","title":{"rendered":"Europa Nostra Awards 2026"},"content":{"rendered":"\n<p>Recherche de projets suisses pour le <a href=\"https:\/\/www.europeanheritageawards.eu\/apply\/\">prix europ\u00e9en du patrimoine culturel<\/a><\/p>\n\n\n\n<p>Les prix d\u00e9cern\u00e9s par Europa Nostra pour des prestations exceptionnelles en mati\u00e8re de pr\u00e9servation du patrimoine culturel sont \u00e9galement ouverts aux participants et aux projets de Suisse. Ils encouragent l&#8217;\u00e9change de connaissances par-del\u00e0 les fronti\u00e8res nationales et mettent en r\u00e9seau les acteurs du patrimoine culturel.<\/p>\n\n\n\n<p>Date limite de d\u00e9p\u00f4t des candidatures 9 septembre 2025<\/p>\n","protected":false},"excerpt":{"rendered":"<p>Recherche de projets suisses pour le prix europ\u00e9en du patrimoine culturel Les prix d\u00e9cern\u00e9s par Europa Nostra pour des prestations exceptionnelles en mati\u00e8re de pr\u00e9servation du patrimoine culturel sont \u00e9galement ouverts aux participants et aux projets de Suisse. Ils encouragent l&#8217;\u00e9change de connaissances par-del\u00e0 les fronti\u00e8res nationales et mettent en r\u00e9seau les acteurs du patrimoine [&hellip;]<\/p>\n","protected":false},"author":2,"featured_media":0,"comment_status":"closed","ping_status":"closed","sticky":false,"template":"","format":"standard","meta":{"footnotes":""},"categories":[55],"tags":[],"class_list":["post-9205","post","type-post","status-publish","format-standard","hentry","category-gare-dappalto"],"_links":{"self":[{"href":"https:\/\/www.icomos.ch\/it\/wp-json\/wp\/v2\/posts\/9205","targetHints":{"allow":["GET"]}}],"collection":[{"href":"https:\/\/www.icomos.ch\/it\/wp-json\/wp\/v2\/posts"}],"about":[{"href":"https:\/\/www.icomos.ch\/it\/wp-json\/wp\/v2\/types\/post"}],"author":[{"embeddable":true,"href":"https:\/\/www.icomos.ch\/it\/wp-json\/wp\/v2\/users\/2"}],"replies":[{"embeddable":true,"href":"https:\/\/www.icomos.ch\/it\/wp-json\/wp\/v2\/comments?post=9205"}],"version-history":[{"count":2,"href":"https:\/\/www.icomos.ch\/it\/wp-json\/wp\/v2\/posts\/9205\/revisions"}],"predecessor-version":[{"id":9207,"href":"https:\/\/www.icomos.ch\/it\/wp-json\/wp\/v2\/posts\/9205\/revisions\/9207"}],"wp:attachment":[{"href":"https:\/\/www.icomos.ch\/it\/wp-json\/wp\/v2\/media?parent=9205"}],"wp:term":[{"taxonomy":"category","embeddable":true,"href":"https:\/\/www.icomos.ch\/it\/wp-json\/wp\/v2\/categories?post=9205"},{"taxonomy":"post_tag","embeddable":true,"href":"https:\/\/www.icomos.ch\/it\/wp-json\/wp\/v2\/tags?post=9205"}],"curies":[{"name":"wp","href":"https:\/\/api.w.org\/{rel}","templated":true}]}}